{"id":50000,"date":"2016-05-13T11:03:47","date_gmt":"2016-05-13T10:03:47","guid":{"rendered":"http:\/\/2horizontes.com\/?p=50000"},"modified":"2016-05-13T11:03:47","modified_gmt":"2016-05-13T10:03:47","slug":"dilma-rousseff-mantendra-algunas-prerrogativas-mientras-este-separada-del-cargo","status":"publish","type":"post","link":"https:\/\/2horizontes.com\/?p=50000","title":{"rendered":"Dilma Rousseff mantendr\u00e1 algunas prerrogativas mientras est\u00e9 separada del cargo"},"content":{"rendered":"<div id=\"ArticleAuthorDiv\" class=\"article-body-author\"><b>EFE<\/b><\/div>\n<div id=\"ArticleSourceDiv\" class=\"article-body-author\"><b>Brasilia<\/b><\/div>\n<div id=\"ArticleBody\">\n<p>La presidenta suspendida de Brasil, Dilma Rousseff, tendr\u00e1 derecho a usar la residencia presidencial y a otras prerrogativas, como el salario y un equipo de seguridad, mientras permanezca apartada del cargo, tras la decisi\u00f3n ayer del Senado de abrirle un juicio pol\u00edtico destituyente.<\/p>\n<p>Las prerrogativas a las que tendr\u00e1 derecho la jefe de Estado apartada del cargo por 180 d\u00edas, per\u00edodo en que el vicepresidente Michel Temer asumir\u00e1 la Presidencia, constan en la notificaci\u00f3n que el Senado le entreg\u00f3 ayer para informarla de que se le abri\u00f3 un juicio pol\u00edtico, publicada en el Diario Oficial del Senado.<\/p>\n<p>\u00abDurante el per\u00edodo (de suspensi\u00f3n) mantendr\u00e1 las prerrogativas del cargo relativas al uso de la residencia oficial, la seguridad personal, la asistencia de salud, el transporte a\u00e9reo y terrestre, la remuneraci\u00f3n y el equipo al servicio del Gabinete Personal de la Presidencia\u00bb, seg\u00fan la notificaci\u00f3n.<\/p>\n<p>La dirigente del ahora opositor Partido de los Trabajadores (PT) ya inici\u00f3 ayer, antes de que el Senado la separase del cargo, el transporte de sus pertenencias particulares desde el Palacio de Planalto, la sede del Gobierno, hasta el Palacio de la Alvorada, la residencia particular de los gobernantes, donde ha dicho que se acuartelar\u00e1.<\/p>\n<p>Una de las prerrogativas le permite a la presidenta suspendida usar aviones de la Fuerza A\u00e9rea Brasile\u00f1a para sus viajes.<\/p>\n<p>En la notificaci\u00f3n que recibir\u00e1 hoy Rousseff, ser\u00e1 informada de que, a partir del momento en la que la reciba, \u00abser\u00e1 instaurado el proceso de inhabilitaci\u00f3n por cr\u00edmenes de responsabilidad\u00bb y de que quedar\u00e1 \u00absuspendida de las funciones de Presidente de la Rep\u00fablica hasta la conclusi\u00f3n del juicio en el Senado o hasta que finalice el plazo de 180 d\u00edas\u00bb.<\/p>\n<p>La presidente suspendida recibir\u00e1 el documento de manos del primer secretario de la C\u00e1mara Alta, senador Vicentinho Alves, cuya visita al Palacio de Planalto est\u00e1 prevista para horas de la ma\u00f1ana de hoy.<\/p>\n<p>Alves, en declaraciones a los periodistas, afirm\u00f3 que por respeto a la gobernante entrar\u00e1 a la sede de la Presidencia por el garaje y no por la puerta principal.<\/p>\n<p>Agreg\u00f3 que inmediatamente despu\u00e9s se dirigir\u00e1 al Palacio de Jaburu, residencia de los vicepresidentes, para entregarle la respectiva notificaci\u00f3n a Temer.<\/p>\n<p>Tras una sesi\u00f3n de 20 horas y media, el Senado decidi\u00f3 hoy, por 55 votos a favor y 22 en contra, iniciar el juicio pol\u00edtico que puede concluir con la destituci\u00f3n definitiva de Rousseff, en cuyo caso Temer tendr\u00e1 que completar el mandato hasta el 1 de enero de 2019.<\/p>\n<p>El hasta ahora vicepresidente ocupar\u00e1 el lugar de Rousseff hoy mismo, sin ceremonias ni pompas, debido a la condici\u00f3n de interino que ostentar\u00e1 mientras no se decida el futuro de la gobernante.<\/p>\n<p>Seg\u00fan \u00e9l mismo declar\u00f3 hoy, cuando el Senado a\u00fan no hab\u00eda concluido la votaci\u00f3n, hoy mismo anunciar\u00e1 los ministros que formar\u00e1n su nuevo Gobierno.<\/p>\n<p>Rousseff ya firm\u00f3 un decreto en que oficializa la destituci\u00f3n de sus 31 ministros y de todos sus asesores directos.<\/p>\n<\/div>\n<div><\/div>\n","protected":false},"excerpt":{"rendered":"<p>EFE Brasilia La presidenta suspendida de Brasil, Dilma Rousseff, tendr\u00e1 derecho a usar la residencia presidencial y a otras prerrogativas, como el salario y un equipo de seguridad, mientras permanezca apartada del cargo, tras la decisi\u00f3n ayer del Senado de abrirle un juicio pol\u00edtico destituyente. Las prerrogativas a las que tendr\u00e1 derecho la jefe de [&hellip;]<\/p>\n","protected":false},"author":7,"featured_media":50001,"comment_status":"open","ping_status":"open","sticky":false,"template":"","format":"standard","meta":{"footnotes":""},"categories":[40,43],"tags":[],"class_list":["post-50000","post","type-post","status-publish","format-standard","has-post-thumbnail","hentry","category-internacionales","category-politica"],"_links":{"self":[{"href":"https:\/\/2horizontes.com\/index.php?rest_route=\/wp\/v2\/posts\/50000","targetHints":{"allow":["GET"]}}],"collection":[{"href":"https:\/\/2horizontes.com\/index.php?rest_route=\/wp\/v2\/posts"}],"about":[{"href":"https:\/\/2horizontes.com\/index.php?rest_route=\/wp\/v2\/types\/post"}],"author":[{"embeddable":true,"href":"https:\/\/2horizontes.com\/index.php?rest_route=\/wp\/v2\/users\/7"}],"replies":[{"embeddable":true,"href":"https:\/\/2horizontes.com\/index.php?rest_route=%2Fwp%2Fv2%2Fcomments&post=50000"}],"version-history":[{"count":1,"href":"https:\/\/2horizontes.com\/index.php?rest_route=\/wp\/v2\/posts\/50000\/revisions"}],"predecessor-version":[{"id":50003,"href":"https:\/\/2horizontes.com\/index.php?rest_route=\/wp\/v2\/posts\/50000\/revisions\/50003"}],"wp:featuredmedia":[{"embeddable":true,"href":"https:\/\/2horizontes.com\/index.php?rest_route=\/wp\/v2\/media\/50001"}],"wp:attachment":[{"href":"https:\/\/2horizontes.com\/index.php?rest_route=%2Fwp%2Fv2%2Fmedia&parent=50000"}],"wp:term":[{"taxonomy":"category","embeddable":true,"href":"https:\/\/2horizontes.com\/index.php?rest_route=%2Fwp%2Fv2%2Fcategories&post=50000"},{"taxonomy":"post_tag","embeddable":true,"href":"https:\/\/2horizontes.com\/index.php?rest_route=%2Fwp%2Fv2%2Ftags&post=50000"}],"curies":[{"name":"wp","href":"https:\/\/api.w.org\/{rel}","templated":true}]}}