{"id":49997,"date":"2016-05-13T10:59:35","date_gmt":"2016-05-13T09:59:35","guid":{"rendered":"http:\/\/2horizontes.com\/?p=49997"},"modified":"2016-05-13T11:09:31","modified_gmt":"2016-05-13T10:09:31","slug":"reflexiones-2horizontes-21","status":"publish","type":"post","link":"https:\/\/2horizontes.com\/?p=49997","title":{"rendered":"Reflexiones 2Horizontes"},"content":{"rendered":"<p>Por. Alfredo Mella<\/p>\n<p>Si le crees a Dios, comparte con tus amistades el mensaje de hoy viernes 13 de Mayo 2016. (Car\u00e1cter de los hombres en los postreros d\u00edas) Tambi\u00e9n debes saber<span class=\"text_exposed_show\">esto: que en los postreros d\u00edas vendr\u00e1n tiempos peligrosos. Porque habr\u00e1 hombres amadores de si mismos, avaros, vanagloriosos, soberbios, blasfemos, desobedientes a los padres, ingratos, imp\u00edos, sin afecto natural, implacables, calumniadores, intemperantes, crueles, aborrecedores de lo bueno, traidores, impetuosos, infatuados, amadores de los deleites m\u00e1s que se Dios, que tendr\u00e1n apariencia de piedad, pero negar\u00e1n la eficacia de ella; a estos evita. 2 TIMOTEO 3:1-2-3-4-5, Cristo viene pronto y el te ama, b\u00fascale m\u00e1s, Dios te bendiga siempre y a tus seres queridos, buenos d\u00edas.<\/span><\/p>\n","protected":false},"excerpt":{"rendered":"<p>Por. Alfredo Mella Si le crees a Dios, comparte con tus amistades el mensaje de hoy viernes 13 de Mayo 2016. (Car\u00e1cter de los hombres en los postreros d\u00edas) Tambi\u00e9n debes saberesto: que en los postreros d\u00edas vendr\u00e1n tiempos peligrosos. Porque habr\u00e1 hombres amadores de si mismos, avaros, vanagloriosos, soberbios, blasfemos, desobedientes a los padres, [&hellip;]<\/p>\n","protected":false},"author":7,"featured_media":50005,"comment_status":"open","ping_status":"open","sticky":false,"template":"","format":"standard","meta":{"footnotes":""},"categories":[46,82],"tags":[],"class_list":["post-49997","post","type-post","status-publish","format-standard","has-post-thumbnail","hentry","category-dominicanos-en-madrid","category-opinion"],"_links":{"self":[{"href":"https:\/\/2horizontes.com\/index.php?rest_route=\/wp\/v2\/posts\/49997","targetHints":{"allow":["GET"]}}],"collection":[{"href":"https:\/\/2horizontes.com\/index.php?rest_route=\/wp\/v2\/posts"}],"about":[{"href":"https:\/\/2horizontes.com\/index.php?rest_route=\/wp\/v2\/types\/post"}],"author":[{"embeddable":true,"href":"https:\/\/2horizontes.com\/index.php?rest_route=\/wp\/v2\/users\/7"}],"replies":[{"embeddable":true,"href":"https:\/\/2horizontes.com\/index.php?rest_route=%2Fwp%2Fv2%2Fcomments&post=49997"}],"version-history":[{"count":1,"href":"https:\/\/2horizontes.com\/index.php?rest_route=\/wp\/v2\/posts\/49997\/revisions"}],"predecessor-version":[{"id":49999,"href":"https:\/\/2horizontes.com\/index.php?rest_route=\/wp\/v2\/posts\/49997\/revisions\/49999"}],"wp:featuredmedia":[{"embeddable":true,"href":"https:\/\/2horizontes.com\/index.php?rest_route=\/wp\/v2\/media\/50005"}],"wp:attachment":[{"href":"https:\/\/2horizontes.com\/index.php?rest_route=%2Fwp%2Fv2%2Fmedia&parent=49997"}],"wp:term":[{"taxonomy":"category","embeddable":true,"href":"https:\/\/2horizontes.com\/index.php?rest_route=%2Fwp%2Fv2%2Fcategories&post=49997"},{"taxonomy":"post_tag","embeddable":true,"href":"https:\/\/2horizontes.com\/index.php?rest_route=%2Fwp%2Fv2%2Ftags&post=49997"}],"curies":[{"name":"wp","href":"https:\/\/api.w.org\/{rel}","templated":true}]}}