{"id":49994,"date":"2016-05-13T10:54:56","date_gmt":"2016-05-13T09:54:56","guid":{"rendered":"http:\/\/2horizontes.com\/?p=49994"},"modified":"2016-05-13T10:54:56","modified_gmt":"2016-05-13T09:54:56","slug":"la-onu-hace-un-llamamiento-a-la-calma-y-el-dialogo-en-brasil","status":"publish","type":"post","link":"https:\/\/2horizontes.com\/?p=49994","title":{"rendered":"La ONU hace un llamamiento a la calma y el di\u00e1logo en Brasil"},"content":{"rendered":"<div id=\"ArticleAuthorDiv\" class=\"article-body-author\"><b>EFE<\/b><\/div>\n<div id=\"ArticleSourceDiv\" class=\"article-body-author\"><b>Naciones Unidas<\/b><\/div>\n<div id=\"ArticleBody\">\n<p>El secretario general de la ONU, Ban Ki-moon, hizo ayer un llamamiento a la \u00abcalma y al di\u00e1logo\u00bb en Brasil despu\u00e9s de que el Senado de ese pa\u00eds aprobara la suspensi\u00f3n en sus funciones de la presidenta Dilma Rousseff.<\/p>\n<p>En una declaraci\u00f3n le\u00edda por el portavoz de Ban, St\u00e9phane Dujarric, el secretario general de la ONU informa que estaba siguiendo de cerca los acontecimientos pol\u00edticos que se estaban registrando en las \u00faltimas horas en Brasil.<\/p>\n<p>Ban, dice la declaraci\u00f3n, \u00abconf\u00eda en que las autoridades del pa\u00eds honrar\u00e1n los procesos democr\u00e1ticos de Brasil, cumpliendo con el Estado de derecho y la Constituci\u00f3n\u00bb.<\/p>\n<p>El secretario general, agrega el texto, \u00abhace un llamamiento a la calma y el di\u00e1logo entre todos los sectores de la sociedad\u00bb.<\/p>\n<p>Asimismo, Ban anuncia que la ONU agradece las \u00abimportantes contribuciones\u00bb de Brasil en el trabajo de Naciones Unidas.<\/p>\n<p>El Senado brasile\u00f1o decidi\u00f3 en las \u00faltimas horas iniciar un juicio pol\u00edtico a Rousseff con fines de destituci\u00f3n. Posteriormente, Rousseff fue notificada de la decisi\u00f3n y quedaron sus funciones presidenciales en suspenso, hasta el final del proceso judicial.<\/p>\n<p>La Presidencia de Brasil la ha asumido en car\u00e1cter interino el vicepresidente Michel Temer.<\/p>\n<\/div>\n<div><\/div>\n","protected":false},"excerpt":{"rendered":"<p>EFE Naciones Unidas El secretario general de la ONU, Ban Ki-moon, hizo ayer un llamamiento a la \u00abcalma y al di\u00e1logo\u00bb en Brasil despu\u00e9s de que el Senado de ese pa\u00eds aprobara la suspensi\u00f3n en sus funciones de la presidenta Dilma Rousseff. En una declaraci\u00f3n le\u00edda por el portavoz de Ban, St\u00e9phane Dujarric, el secretario [&hellip;]<\/p>\n","protected":false},"author":7,"featured_media":49995,"comment_status":"open","ping_status":"open","sticky":false,"template":"","format":"standard","meta":{"footnotes":""},"categories":[40,43],"tags":[],"class_list":["post-49994","post","type-post","status-publish","format-standard","has-post-thumbnail","hentry","category-internacionales","category-politica"],"_links":{"self":[{"href":"https:\/\/2horizontes.com\/index.php?rest_route=\/wp\/v2\/posts\/49994","targetHints":{"allow":["GET"]}}],"collection":[{"href":"https:\/\/2horizontes.com\/index.php?rest_route=\/wp\/v2\/posts"}],"about":[{"href":"https:\/\/2horizontes.com\/index.php?rest_route=\/wp\/v2\/types\/post"}],"author":[{"embeddable":true,"href":"https:\/\/2horizontes.com\/index.php?rest_route=\/wp\/v2\/users\/7"}],"replies":[{"embeddable":true,"href":"https:\/\/2horizontes.com\/index.php?rest_route=%2Fwp%2Fv2%2Fcomments&post=49994"}],"version-history":[{"count":1,"href":"https:\/\/2horizontes.com\/index.php?rest_route=\/wp\/v2\/posts\/49994\/revisions"}],"predecessor-version":[{"id":49996,"href":"https:\/\/2horizontes.com\/index.php?rest_route=\/wp\/v2\/posts\/49994\/revisions\/49996"}],"wp:featuredmedia":[{"embeddable":true,"href":"https:\/\/2horizontes.com\/index.php?rest_route=\/wp\/v2\/media\/49995"}],"wp:attachment":[{"href":"https:\/\/2horizontes.com\/index.php?rest_route=%2Fwp%2Fv2%2Fmedia&parent=49994"}],"wp:term":[{"taxonomy":"category","embeddable":true,"href":"https:\/\/2horizontes.com\/index.php?rest_route=%2Fwp%2Fv2%2Fcategories&post=49994"},{"taxonomy":"post_tag","embeddable":true,"href":"https:\/\/2horizontes.com\/index.php?rest_route=%2Fwp%2Fv2%2Ftags&post=49994"}],"curies":[{"name":"wp","href":"https:\/\/api.w.org\/{rel}","templated":true}]}}