{"id":49990,"date":"2016-05-13T10:52:09","date_gmt":"2016-05-13T09:52:09","guid":{"rendered":"http:\/\/2horizontes.com\/?p=49990"},"modified":"2016-05-13T10:52:09","modified_gmt":"2016-05-13T09:52:09","slug":"el-papa-pedira-crear-una-comision-de-estudio-para-ordenar-a-mujeres-diaconas","status":"publish","type":"post","link":"https:\/\/2horizontes.com\/?p=49990","title":{"rendered":"El papa pedir\u00e1 crear una comisi\u00f3n de estudio para ordenar a mujeres di\u00e1conas"},"content":{"rendered":"<div id=\"ArticleAuthorDiv\" class=\"article-body-author\"><b>EFE<\/b><\/div>\n<div id=\"ArticleSourceDiv\" class=\"article-body-author\"><b>Ciudad del Vaticano<\/b><\/div>\n<div id=\"ArticleBody\">\n<p>El papa Francisco anunci\u00f3 ayer su intenci\u00f3n de crear una comisi\u00f3n que estudie la posibilidad de que tambi\u00e9n las mujeres puedan ser di\u00e1conas.<\/p>\n<p>\u00abEs una posibilidad al d\u00eda de hoy\u00bb, respondi\u00f3 Francisco a la pregunta de una religiosa durante la audiencia que concedi\u00f3 a la Uni\u00f3n Internacional de las Superiores Generales.<\/p>\n<p>El diaconado es el grado de consagraci\u00f3n anterior al del sacerdocio y en \u00e9l que se pueden administrar algunos sacramentos, como el bautismo y el matrimonio, que actualmente s\u00f3lo pueden recibir los hombres.<\/p>\n<p>Ante las 900 superiores generales de varios institutos y congregaciones religiosas reunidas ayer en esa audiencia, Francisco mostr\u00f3 su disposici\u00f3n por primera vez a que tambi\u00e9n haya mujeres di\u00e1conas.<\/p>\n<p>A la pregunta de una de ellas de por qu\u00e9 no instituir una comisi\u00f3n oficial que estudie esta posibilidad, Francisco explic\u00f3 que hace tiempo coment\u00f3 con un \u00absabio profesor\u00bb el tema de las \u00abdi\u00e1conas en los primeros siglos de la Iglesia, pero no se sab\u00eda realmente qu\u00e9 papel desarrollaban y sobre todo si hab\u00edan sido ordenadas o no\u00bb.<\/p>\n<p>\u00ab\u00bfEn cuanto a crear una comisi\u00f3n oficial que pueda estudiar la cuesti\u00f3n?, creo que s\u00ed. Ser\u00eda hacer el bien de la Iglesia y aclarar este punto. Estoy de acuerdo y hablar\u00e9 para que se pueda realizar algo as\u00ed. Acepto la propuesta. Me parece algo \u00fatil esta comisi\u00f3n que aclare bien las cosas\u00bb.<\/p>\n<p>Esta posibilidad ya hab\u00eda surgido durante el S\u00ednodo de los obispos del pasado octubre de 2015, cuando el arzobispo canadiense Paul-Andr\u00e9 Durocher durante su intervenci\u00f3n propuso al resto de obispos la posibilidad de estudiar que tambi\u00e9n las mujeres pudieran ordenarse como di\u00e1conas.<\/p>\n<p>Seg\u00fan el concilio Vaticano II, las funciones lit\u00fargicas y pastorales del di\u00e1cono son: \u00abadministrar solemnemente el bautismo, reservar y distribuir la Eucarist\u00eda, asistir al matrimonio y bendecirlo en nombre de la Iglesia, (y) llevar el vi\u00e1tico a los moribundos y leer la sagrada Escritura a los fieles\u00bb.<\/p>\n<p>Tambi\u00e9n figuran las funciones de \u00abinstruir y exhortar al pueblo, presidir el culto y oraci\u00f3n de los fieles, administrar los sacramentales (y) presidir el rito de los funerales y sepultura\u00bb.<\/p>\n<\/div>\n","protected":false},"excerpt":{"rendered":"<p>EFE Ciudad del Vaticano El papa Francisco anunci\u00f3 ayer su intenci\u00f3n de crear una comisi\u00f3n que estudie la posibilidad de que tambi\u00e9n las mujeres puedan ser di\u00e1conas. \u00abEs una posibilidad al d\u00eda de hoy\u00bb, respondi\u00f3 Francisco a la pregunta de una religiosa durante la audiencia que concedi\u00f3 a la Uni\u00f3n Internacional de las Superiores Generales. [&hellip;]<\/p>\n","protected":false},"author":7,"featured_media":49991,"comment_status":"open","ping_status":"open","sticky":false,"template":"","format":"standard","meta":{"footnotes":""},"categories":[40],"tags":[],"class_list":["post-49990","post","type-post","status-publish","format-standard","has-post-thumbnail","hentry","category-internacionales"],"_links":{"self":[{"href":"https:\/\/2horizontes.com\/index.php?rest_route=\/wp\/v2\/posts\/49990","targetHints":{"allow":["GET"]}}],"collection":[{"href":"https:\/\/2horizontes.com\/index.php?rest_route=\/wp\/v2\/posts"}],"about":[{"href":"https:\/\/2horizontes.com\/index.php?rest_route=\/wp\/v2\/types\/post"}],"author":[{"embeddable":true,"href":"https:\/\/2horizontes.com\/index.php?rest_route=\/wp\/v2\/users\/7"}],"replies":[{"embeddable":true,"href":"https:\/\/2horizontes.com\/index.php?rest_route=%2Fwp%2Fv2%2Fcomments&post=49990"}],"version-history":[{"count":1,"href":"https:\/\/2horizontes.com\/index.php?rest_route=\/wp\/v2\/posts\/49990\/revisions"}],"predecessor-version":[{"id":49992,"href":"https:\/\/2horizontes.com\/index.php?rest_route=\/wp\/v2\/posts\/49990\/revisions\/49992"}],"wp:featuredmedia":[{"embeddable":true,"href":"https:\/\/2horizontes.com\/index.php?rest_route=\/wp\/v2\/media\/49991"}],"wp:attachment":[{"href":"https:\/\/2horizontes.com\/index.php?rest_route=%2Fwp%2Fv2%2Fmedia&parent=49990"}],"wp:term":[{"taxonomy":"category","embeddable":true,"href":"https:\/\/2horizontes.com\/index.php?rest_route=%2Fwp%2Fv2%2Fcategories&post=49990"},{"taxonomy":"post_tag","embeddable":true,"href":"https:\/\/2horizontes.com\/index.php?rest_route=%2Fwp%2Fv2%2Ftags&post=49990"}],"curies":[{"name":"wp","href":"https:\/\/api.w.org\/{rel}","templated":true}]}}