{"id":49973,"date":"2016-05-12T22:51:52","date_gmt":"2016-05-12T21:51:52","guid":{"rendered":"http:\/\/2horizontes.com\/?p=49973"},"modified":"2016-05-12T22:51:52","modified_gmt":"2016-05-12T21:51:52","slug":"iran-prohibio-a-sus-ciudadanos-peregrinar-a-la-meca","status":"publish","type":"post","link":"https:\/\/2horizontes.com\/?p=49973","title":{"rendered":"Ir\u00e1n prohibi\u00f3 a sus ciudadanos peregrinar a La Meca"},"content":{"rendered":"<p>Ning\u00fan iran\u00ed participar\u00e1 este a\u00f1o en el tradicional peregrinaje anual a La\u00a0<span class=\"classCadenaBusqueda\">Meca<\/span>\u00a0debido a las tensiones entre Teher\u00e1n y el gobierno de Arabia Saud\u00ed, anunciaron hoy las autoridades de la Rep\u00fablica Isl\u00e1mica, que responsabilizaron a los \u00e1rabes de haber \u00absaboteado\u00bb el di\u00e1logo por dicha cuesti\u00f3n.<\/p>\n<p>El ministro iran\u00ed de Cultura y Gu\u00eda Isl\u00e1mica, Al\u00ed Janat\u00ed, afirm\u00f3 que \u00abel terreno no est\u00e1 preparado para que los peregrinos iran\u00edes\u00bb puedan realizar el viaje ritual a la ciudad santa de los musulmanes e indic\u00f3 que \u00abel tiempo se perdi\u00f3\u00bb para poder encontrar una soluci\u00f3n a ese problema este a\u00f1o.<\/p>\n<p>\u00abHicimos todo lo posible, pero fueron los saud\u00edes los que lo sabotearon (los di\u00e1logos)\u00bb, a\u00f1adi\u00f3 el ministro en declaraciones recogidas por la agencia oficial iran\u00ed IRNA, cuya cartera se ocupa entre otras cosas de gestionar la log\u00edstica de las decenas de miles de iran\u00edes que cada a\u00f1o viajan a La\u00a0<span class=\"classCadenaBusqueda\">Meca<\/span>\u00a0para cumplir con el denominado Hach, uno de los pilares b\u00e1sicos del Islam.<\/p>\n<p>La suspensi\u00f3n de este peregrinaje es un paso sin precedentes en la Rep\u00fablica Isl\u00e1mica y refleja las crecientes tensiones entre Teher\u00e1n y Riad, enemigos directos en todos los conflictos regionales y m\u00e1ximos representantes respectivamente del Isl\u00e1m chi\u00edta y sunita, ramas divergentes y en muchos casos opuestas del credo musulm\u00e1n.<\/p>\n<p>Los enfrentamientos entre ambos gobiernos ya llevaron el a\u00f1o pasado a cancelar los viajes organizados iran\u00edes a La\u00a0<span class=\"classCadenaBusqueda\">Meca<\/span>\u00a0para las peregrinaciones menores, es decir, aquellas que se realizan fuera del mes santo prescrito por el profeta Mahoma a sus fieles.<\/p>\n<p>Seg\u00fan denunciaron las autoridades iran\u00edes, en esta ocasi\u00f3n Arabia Saud\u00ed se neg\u00f3 en redondo a pactar con ellos alg\u00fan tipo de arreglo para el procesamiento de las visas para los peregrinos, los permisos para el transporte a\u00e9reo y cuestiones sobre la seguridad de los viajeros.<\/p>\n<p>Entre otros asuntos, el cierre el pasado mes de enero de la embajada saud\u00ed en Teher\u00e1n tras ser asaltada por un grupo de manifestantes, llev\u00f3 a las autoridades \u00e1rabes a exigir que los peregrinos iran\u00edes soliciten sus visas en un tercer pa\u00eds.<\/p>\n<p>Adem\u00e1s, tambi\u00e9n exigieron que los iran\u00edes viajaran en compa\u00f1\u00edas a\u00e9reas de terceros pa\u00edses rumbo a La\u00a0<span class=\"classCadenaBusqueda\">Meca<\/span>.<\/p>\n<p>Las cuestiones sobre la seguridad de los iran\u00edes en Arabia Saud\u00ed tampoco fueron atendidas, un asunto que levanta especial resquemor en Ir\u00e1n despu\u00e9s de que 464 de sus compatriotas murieran el a\u00f1o pasado en la estampida que se produjo en La\u00a0<span class=\"classCadenaBusqueda\">Meca<\/span>\u00a0durante el ritual del Hach y que caus\u00f3 la muerte de m\u00e1s de 1.000 personas.<\/p>\n<p>Tras esa tragedia, las autoridades iran\u00edes criticaron duramente a la monarqu\u00eda saud\u00ed, a quien acusaron de mala gesti\u00f3n e incompetencia en su trato a los peregrinos, unos ataques orientados a da\u00f1ar el prestigio saud\u00ed como guardianes y gestores del santuario de La\u00a0<span class=\"classCadenaBusqueda\">Meca<\/span>, y a tratar de restarle influencia regional.<\/p>\n","protected":false},"excerpt":{"rendered":"<p>Ning\u00fan iran\u00ed participar\u00e1 este a\u00f1o en el tradicional peregrinaje anual a La\u00a0Meca\u00a0debido a las tensiones entre Teher\u00e1n y el gobierno de Arabia Saud\u00ed, anunciaron hoy las autoridades de la Rep\u00fablica Isl\u00e1mica, que responsabilizaron a los \u00e1rabes de haber \u00absaboteado\u00bb el di\u00e1logo por dicha cuesti\u00f3n. El ministro iran\u00ed de Cultura y Gu\u00eda Isl\u00e1mica, Al\u00ed Janat\u00ed, afirm\u00f3 [&hellip;]<\/p>\n","protected":false},"author":13240,"featured_media":49977,"comment_status":"open","ping_status":"open","sticky":false,"template":"","format":"standard","meta":{"footnotes":""},"categories":[62,40,43],"tags":[],"class_list":["post-49973","post","type-post","status-publish","format-standard","has-post-thumbnail","hentry","category-cultura","category-internacionales","category-politica"],"_links":{"self":[{"href":"https:\/\/2horizontes.com\/index.php?rest_route=\/wp\/v2\/posts\/49973","targetHints":{"allow":["GET"]}}],"collection":[{"href":"https:\/\/2horizontes.com\/index.php?rest_route=\/wp\/v2\/posts"}],"about":[{"href":"https:\/\/2horizontes.com\/index.php?rest_route=\/wp\/v2\/types\/post"}],"author":[{"embeddable":true,"href":"https:\/\/2horizontes.com\/index.php?rest_route=\/wp\/v2\/users\/13240"}],"replies":[{"embeddable":true,"href":"https:\/\/2horizontes.com\/index.php?rest_route=%2Fwp%2Fv2%2Fcomments&post=49973"}],"version-history":[{"count":1,"href":"https:\/\/2horizontes.com\/index.php?rest_route=\/wp\/v2\/posts\/49973\/revisions"}],"predecessor-version":[{"id":49978,"href":"https:\/\/2horizontes.com\/index.php?rest_route=\/wp\/v2\/posts\/49973\/revisions\/49978"}],"wp:featuredmedia":[{"embeddable":true,"href":"https:\/\/2horizontes.com\/index.php?rest_route=\/wp\/v2\/media\/49977"}],"wp:attachment":[{"href":"https:\/\/2horizontes.com\/index.php?rest_route=%2Fwp%2Fv2%2Fmedia&parent=49973"}],"wp:term":[{"taxonomy":"category","embeddable":true,"href":"https:\/\/2horizontes.com\/index.php?rest_route=%2Fwp%2Fv2%2Fcategories&post=49973"},{"taxonomy":"post_tag","embeddable":true,"href":"https:\/\/2horizontes.com\/index.php?rest_route=%2Fwp%2Fv2%2Ftags&post=49973"}],"curies":[{"name":"wp","href":"https:\/\/api.w.org\/{rel}","templated":true}]}}