{"id":49917,"date":"2016-05-12T13:01:00","date_gmt":"2016-05-12T12:01:00","guid":{"rendered":"http:\/\/2horizontes.com\/?p=49917"},"modified":"2016-05-12T13:01:00","modified_gmt":"2016-05-12T12:01:00","slug":"joven-destruye-estatua-historica-mientras-se-tomaba-una-selfie","status":"publish","type":"post","link":"https:\/\/2horizontes.com\/?p=49917","title":{"rendered":"Joven destruye estatua hist\u00f3rica mientras se tomaba una selfie"},"content":{"rendered":"<p><strong>LISBOA, Portugal (CNN) &#8211;<\/strong> \u00bfEs un crimen tomarse una selfie? Puede serlo si en el proceso de capturar tu momento m\u00e1gico tambi\u00e9n destruyes un tesoro nacional.<\/p>\n<p><span id=\"more-284677\"><\/span>Las autoridades de Lisboa dijeron a CNN que planean presentar cargos criminales contra un portugu\u00e9s de 24 a\u00f1os que se trep\u00f3 a una estatua de 126 a\u00f1os de antig\u00fcedad del rey D. Sebastiao y la derrib\u00f3, rompi\u00e9ndola en docenas de pedazos.<\/p>\n<div class=\"ym-wrapper\"><\/div>\n<p>De acuerdo con la polic\u00eda, el peso del hombre derrib\u00f3 la estatua mientras \u00e9l intentaba escalarla con una c\u00e1mara en mano.<\/p>\n<p>El incidente ocurri\u00f3 el pasado 3 de mayo en el centro de Lisboa.<\/p>\n<p>La polic\u00eda detuvo al hombre, que presuntamente intent\u00f3 huir del lugar, pero no ha dado a conocer su nombre.<\/p>\n<p>Infraestruturas de Portugal (la agencia p\u00fablica que supervisa asuntos de la cultura portuguesa) dijo que planea presentar cargos \u00abcontra los autores de este desafortunado acto de destrucci\u00f3n del legado hist\u00f3rico nacional\u00bb.<\/p>\n<p>La agencia dijo que est\u00e1 considerando restaurar la estatua rota o quiz\u00e1 construir una nueva para que ocupe el espacio de la antigua.<\/p>\n<p>Abierta en 1890, la estaci\u00f3n Rossio, donde se encontraba la estatua, es una de las estaciones de trenes m\u00e1s emblem\u00e1ticas de Europa. Travel + Leisure alguna vez la nombr\u00f3 como una de las 14 estaciones de trenes m\u00e1s hermosas del mundo.<\/p>\n<p>El rey D. Sebastiao, una figura legendaria de la historia portuguesa, rein\u00f3 entre 1557 y 1578 y desapareci\u00f3 en batalla a la edad de 24 a\u00f1os.<\/p>\n<p>Poco despu\u00e9s, Portugal perdi\u00f3 su independencia a manos de Espa\u00f1a.<\/p>\n<p>La leyenda popular dice que Sebastiao alg\u00fan d\u00eda regresar\u00e1 en una ma\u00f1ana brumosa, montando un caballo blanco.<\/p>\n<p><em>Alba Prifti y Paulo Nogueira contribuyeron con este reporte.\u00a0<\/em><\/p>\n","protected":false},"excerpt":{"rendered":"<p>LISBOA, Portugal (CNN) &#8211; \u00bfEs un crimen tomarse una selfie? Puede serlo si en el proceso de capturar tu momento m\u00e1gico tambi\u00e9n destruyes un tesoro nacional. Las autoridades de Lisboa dijeron a CNN que planean presentar cargos criminales contra un portugu\u00e9s de 24 a\u00f1os que se trep\u00f3 a una estatua de 126 a\u00f1os de antig\u00fcedad [&hellip;]<\/p>\n","protected":false},"author":7,"featured_media":49918,"comment_status":"open","ping_status":"open","sticky":false,"template":"","format":"standard","meta":{"footnotes":""},"categories":[1,40],"tags":[],"class_list":["post-49917","post","type-post","status-publish","format-standard","has-post-thumbnail","hentry","category-entretenimiento","category-internacionales"],"_links":{"self":[{"href":"https:\/\/2horizontes.com\/index.php?rest_route=\/wp\/v2\/posts\/49917","targetHints":{"allow":["GET"]}}],"collection":[{"href":"https:\/\/2horizontes.com\/index.php?rest_route=\/wp\/v2\/posts"}],"about":[{"href":"https:\/\/2horizontes.com\/index.php?rest_route=\/wp\/v2\/types\/post"}],"author":[{"embeddable":true,"href":"https:\/\/2horizontes.com\/index.php?rest_route=\/wp\/v2\/users\/7"}],"replies":[{"embeddable":true,"href":"https:\/\/2horizontes.com\/index.php?rest_route=%2Fwp%2Fv2%2Fcomments&post=49917"}],"version-history":[{"count":1,"href":"https:\/\/2horizontes.com\/index.php?rest_route=\/wp\/v2\/posts\/49917\/revisions"}],"predecessor-version":[{"id":49919,"href":"https:\/\/2horizontes.com\/index.php?rest_route=\/wp\/v2\/posts\/49917\/revisions\/49919"}],"wp:featuredmedia":[{"embeddable":true,"href":"https:\/\/2horizontes.com\/index.php?rest_route=\/wp\/v2\/media\/49918"}],"wp:attachment":[{"href":"https:\/\/2horizontes.com\/index.php?rest_route=%2Fwp%2Fv2%2Fmedia&parent=49917"}],"wp:term":[{"taxonomy":"category","embeddable":true,"href":"https:\/\/2horizontes.com\/index.php?rest_route=%2Fwp%2Fv2%2Fcategories&post=49917"},{"taxonomy":"post_tag","embeddable":true,"href":"https:\/\/2horizontes.com\/index.php?rest_route=%2Fwp%2Fv2%2Ftags&post=49917"}],"curies":[{"name":"wp","href":"https:\/\/api.w.org\/{rel}","templated":true}]}}