{"id":49895,"date":"2016-05-12T12:37:19","date_gmt":"2016-05-12T11:37:19","guid":{"rendered":"http:\/\/2horizontes.com\/?p=49895"},"modified":"2016-05-12T12:37:19","modified_gmt":"2016-05-12T11:37:19","slug":"el-papa-pide-a-brasil-armonia-y-paz-para-superar-el-momento-de-dificultad","status":"publish","type":"post","link":"https:\/\/2horizontes.com\/?p=49895","title":{"rendered":"El papa pide a Brasil \u00abarmon\u00eda\u00bb y \u00abpaz\u00bb para superar el momento de dificultad"},"content":{"rendered":"<div id=\"ArticleAuthorDiv\" class=\"article-body-author\"><b>EFE<\/b><\/div>\n<div id=\"ArticleSourceDiv\" class=\"article-body-author\"><b>Ciudad del Vaticano<\/b><\/div>\n<div id=\"ArticleBody\">\n<p>El papa Francisco dese\u00f3 ayer que Brasil \u00abproceda por el sendero de la armon\u00eda y de la paz\u00bb para superar los momentos de dificultad que atraviesa, durante la audiencia general celebrada en la Plaza de San Pedro en el Vaticano.<\/p>\n<p>\u00abEn estos d\u00edas en los que nos preparamos para Pentecost\u00e9s, pido al Se\u00f1or para que el pa\u00eds, en estos momentos de dificultad, proceda por el sendero de la armon\u00eda y de la paz con la ayuda de la oraci\u00f3n y del dialogo\u00bb, dijo Francisco durante los saludos en portugu\u00e9s y al referirse a los brasile\u00f1os.<\/p>\n<p>Francisco pidi\u00f3 tambi\u00e9n que \u00abNuestra Se\u00f1ora de Aparecida (patrona de Brasil), que como una buena madre no abandona nunca sus hijos, sea defensa y gu\u00eda en este camino\u00bb.<\/p>\n<p>Se trata del primer mensaje del pont\u00edfice sobre la situaci\u00f3n que atraviesa Brasil por el posible juicio pol\u00edtico al que puede ser sometida la presidenta, Dilma Rousseff.<\/p>\n<\/div>\n","protected":false},"excerpt":{"rendered":"<p>EFE Ciudad del Vaticano El papa Francisco dese\u00f3 ayer que Brasil \u00abproceda por el sendero de la armon\u00eda y de la paz\u00bb para superar los momentos de dificultad que atraviesa, durante la audiencia general celebrada en la Plaza de San Pedro en el Vaticano. \u00abEn estos d\u00edas en los que nos preparamos para Pentecost\u00e9s, pido [&hellip;]<\/p>\n","protected":false},"author":7,"featured_media":49896,"comment_status":"open","ping_status":"open","sticky":false,"template":"","format":"standard","meta":{"footnotes":""},"categories":[40],"tags":[],"class_list":["post-49895","post","type-post","status-publish","format-standard","has-post-thumbnail","hentry","category-internacionales"],"_links":{"self":[{"href":"https:\/\/2horizontes.com\/index.php?rest_route=\/wp\/v2\/posts\/49895","targetHints":{"allow":["GET"]}}],"collection":[{"href":"https:\/\/2horizontes.com\/index.php?rest_route=\/wp\/v2\/posts"}],"about":[{"href":"https:\/\/2horizontes.com\/index.php?rest_route=\/wp\/v2\/types\/post"}],"author":[{"embeddable":true,"href":"https:\/\/2horizontes.com\/index.php?rest_route=\/wp\/v2\/users\/7"}],"replies":[{"embeddable":true,"href":"https:\/\/2horizontes.com\/index.php?rest_route=%2Fwp%2Fv2%2Fcomments&post=49895"}],"version-history":[{"count":1,"href":"https:\/\/2horizontes.com\/index.php?rest_route=\/wp\/v2\/posts\/49895\/revisions"}],"predecessor-version":[{"id":49897,"href":"https:\/\/2horizontes.com\/index.php?rest_route=\/wp\/v2\/posts\/49895\/revisions\/49897"}],"wp:featuredmedia":[{"embeddable":true,"href":"https:\/\/2horizontes.com\/index.php?rest_route=\/wp\/v2\/media\/49896"}],"wp:attachment":[{"href":"https:\/\/2horizontes.com\/index.php?rest_route=%2Fwp%2Fv2%2Fmedia&parent=49895"}],"wp:term":[{"taxonomy":"category","embeddable":true,"href":"https:\/\/2horizontes.com\/index.php?rest_route=%2Fwp%2Fv2%2Fcategories&post=49895"},{"taxonomy":"post_tag","embeddable":true,"href":"https:\/\/2horizontes.com\/index.php?rest_route=%2Fwp%2Fv2%2Ftags&post=49895"}],"curies":[{"name":"wp","href":"https:\/\/api.w.org\/{rel}","templated":true}]}}