{"id":4989,"date":"2015-04-11T21:08:42","date_gmt":"2015-04-11T21:08:42","guid":{"rendered":"http:\/\/2horizontes.com\/?p=4989"},"modified":"2015-04-11T21:08:42","modified_gmt":"2015-04-11T21:08:42","slug":"barack-obama-a-raul-castro-era-el-momento-de-intentar-algo-nuevo-con-cuba","status":"publish","type":"post","link":"https:\/\/2horizontes.com\/?p=4989","title":{"rendered":"Barack Obama a Ra\u00fal Castro: \u201cEra el momento de intentar algo nuevo con Cuba\u201d"},"content":{"rendered":"<p class=\"not-pspace\">Panam\u00e1, 11 abr (EFE).- El presidente de EE.UU., Barack Obama, explic\u00f3 hoy a su hom\u00f3logo cubano, Ra\u00fal Castro, que \u201cera el momento\u201d de que su pa\u00eds intentase \u201calgo nuevo\u201d en la relaci\u00f3n con Cuba porque la pol\u00edtica anterior no funcion\u00f3, durante la hist\u00f3rica reuni\u00f3n que celebraron en Panam\u00e1 en el marco de la Cumbre de las Am\u00e9ricas.<\/p>\n<p class=\"not-pspace\">La esperada reuni\u00f3n, la primera entre dos presidentes de ambos pa\u00edses en m\u00e1s de medio siglo, se realiz\u00f3 en una peque\u00f1a sala dentro del Centro de Convenciones Atlapa de Panam\u00e1, donde se est\u00e1 celebrando la VII Cumbre de las Am\u00e9ricas con la presencia de los 35 pa\u00edses del continente y de Cuba por primera vez.<\/p>\n<p class=\"not-pspace\">Obama y Castro estaban sentados uno al lado del otro, en un formato similar al que se usa cuando el mandatario estadounidense recibe a un presidente extranjero en el Despacho Oval.<\/p>\n<p class=\"not-pspace\">Es una reuni\u00f3n \u201chist\u00f3rica\u201d, admiti\u00f3 el propio Obama, quien reconoci\u00f3 tambi\u00e9n que la historia entre los dos pa\u00edses es \u201ccomplicada\u201d.<\/p>\n<p class=\"not-pspace\">\u201cAhora estamos en condiciones de avanzar en el camino hacia el futuro\u201d, subray\u00f3 el presidente estadounidense.<\/p>\n<p class=\"not-pspace\">Seg\u00fan Obama, la mayor\u00eda de los estadounidenses y tambi\u00e9n de los cubanos han respondido de forma positiva al anuncio para la normalizaci\u00f3n diplom\u00e1tica que \u00e9l y Castro hicieron en diciembre pasado.<\/p>\n<p class=\"not-pspace\">\u201cCon el tiempo es posible que podamos pasar p\u00e1gina y desarrollar una nueva relaci\u00f3n entre nuestros dos pa\u00edses\u201d, subray\u00f3 Obama.<\/p>\n<p class=\"not-pspace\"><strong>Castro a Obama: \u201cEstamos dispuestos a hablar de todo\u201d<\/strong><\/p>\n<p class=\"not-pspace\">El presidente de Cuba, Ra\u00fal Castro, dijo hoy a su hom\u00f3logo de EE.UU., Barack Obama, que est\u00e1 \u201cdispuesto a hablar de todo\u201d en el proceso hacia la normalizaci\u00f3n bilateral, durante la hist\u00f3rica reuni\u00f3n que mantuvieron los dos en Panam\u00e1 en el marco de la VII Cumbre de las Am\u00e9ricas.<\/p>\n<p class=\"not-pspace\">\u201cPuede ser que nos convenzan de unas cosas y de otras no, no hay que hacerse ilusiones\u201d, sostuvo Castro tambi\u00e9n.<\/p>\n<p class=\"not-pspace\">Al afirmar que los dos pa\u00edses tienen que dialogar \u201ccon mucho respeto\u201d, el mandatario cubano reconoci\u00f3 que existen \u201cmuchas diferencias\u201d entre uno y otro Gobierno.<\/p>\n<p class=\"not-pspace\">La esperada reuni\u00f3n, la primera entre dos presidentes de ambos pa\u00edses en m\u00e1s de medio siglo, se realiz\u00f3 en una peque\u00f1a sala dentro del Centro de Convenciones Atlapa de Panam\u00e1, donde se est\u00e1 celebrando la VII Cumbre de las Am\u00e9ricas con la presencia de los 35 pa\u00edses del continente y de Cuba por primera vez.<\/p>\n<p class=\"not-pspace\">Obama y Castro estaban sentados uno al lado del otro, en un formato similar al que se usa cuando el mandatario estadounidense recibe a un presidente extranjero en el Despacho Oval.<\/p>\n<p class=\"not-pspace\">Es una reuni\u00f3n \u201chist\u00f3rica\u201d, admiti\u00f3 el propio Obama, quien reconoci\u00f3 tambi\u00e9n que la historia entre los dos pa\u00edses es \u201ccomplicada\u201d.<\/p>\n<p class=\"not-pspace\">\u201cAhora estamos en condiciones de avanzar en el camino hacia el futuro\u201d, subray\u00f3 el presidente estadounidense.<\/p>\n<p class=\"not-pspace\">La reuni\u00f3n de hoy entre Obama y Castro estuvo precedida de una conversaci\u00f3n telef\u00f3nica el pasado mi\u00e9rcoles y que estuvo centrada en revisar el proceso para la restituci\u00f3n de las relaciones diplom\u00e1ticas bilaterales, que debe llevar a la reapertura de embajadas en Washington y La Habana.<\/p>\n<p class=\"not-pspace\">Esa apertura, para la que a\u00fan no hay fecha, tambi\u00e9n fue tratada en la reuni\u00f3n de tres horas que celebraron el jueves en Panam\u00e1 el secretario de Estado de EE.UU., John Kerry, y el canciller de la isla, Bruno Rodr\u00edguez, que hasta hoy hab\u00eda sido el contacto de m\u00e1s alto nivel diplom\u00e1tico entre Estados Unidos y Cuba desde 1958. EFE<\/p>\n","protected":false},"excerpt":{"rendered":"<p>Panam\u00e1, 11 abr (EFE).- El presidente de EE.UU., Barack Obama, explic\u00f3 hoy a su hom\u00f3logo cubano, Ra\u00fal Castro, que \u201cera el momento\u201d de que su pa\u00eds intentase \u201calgo nuevo\u201d en la relaci\u00f3n con Cuba porque la pol\u00edtica anterior no funcion\u00f3, durante la hist\u00f3rica reuni\u00f3n que celebraron en Panam\u00e1 en el marco de la Cumbre de [&hellip;]<\/p>\n","protected":false},"author":1,"featured_media":4990,"comment_status":"open","ping_status":"open","sticky":false,"template":"","format":"standard","meta":{"footnotes":""},"categories":[43],"tags":[],"class_list":["post-4989","post","type-post","status-publish","format-standard","has-post-thumbnail","hentry","category-politica"],"_links":{"self":[{"href":"https:\/\/2horizontes.com\/index.php?rest_route=\/wp\/v2\/posts\/4989","targetHints":{"allow":["GET"]}}],"collection":[{"href":"https:\/\/2horizontes.com\/index.php?rest_route=\/wp\/v2\/posts"}],"about":[{"href":"https:\/\/2horizontes.com\/index.php?rest_route=\/wp\/v2\/types\/post"}],"author":[{"embeddable":true,"href":"https:\/\/2horizontes.com\/index.php?rest_route=\/wp\/v2\/users\/1"}],"replies":[{"embeddable":true,"href":"https:\/\/2horizontes.com\/index.php?rest_route=%2Fwp%2Fv2%2Fcomments&post=4989"}],"version-history":[{"count":1,"href":"https:\/\/2horizontes.com\/index.php?rest_route=\/wp\/v2\/posts\/4989\/revisions"}],"predecessor-version":[{"id":4991,"href":"https:\/\/2horizontes.com\/index.php?rest_route=\/wp\/v2\/posts\/4989\/revisions\/4991"}],"wp:featuredmedia":[{"embeddable":true,"href":"https:\/\/2horizontes.com\/index.php?rest_route=\/wp\/v2\/media\/4990"}],"wp:attachment":[{"href":"https:\/\/2horizontes.com\/index.php?rest_route=%2Fwp%2Fv2%2Fmedia&parent=4989"}],"wp:term":[{"taxonomy":"category","embeddable":true,"href":"https:\/\/2horizontes.com\/index.php?rest_route=%2Fwp%2Fv2%2Fcategories&post=4989"},{"taxonomy":"post_tag","embeddable":true,"href":"https:\/\/2horizontes.com\/index.php?rest_route=%2Fwp%2Fv2%2Ftags&post=4989"}],"curies":[{"name":"wp","href":"https:\/\/api.w.org\/{rel}","templated":true}]}}