{"id":4985,"date":"2015-04-11T21:01:06","date_gmt":"2015-04-11T21:01:06","guid":{"rendered":"http:\/\/2horizontes.com\/?p=4985"},"modified":"2015-04-11T21:03:17","modified_gmt":"2015-04-11T21:03:17","slug":"asesinan-a-balazos-joven-en-un-callejon","status":"publish","type":"post","link":"https:\/\/2horizontes.com\/?p=4985","title":{"rendered":"Asesinan a balazos joven en un callej\u00f3n en Moca"},"content":{"rendered":"<p>MOCA, Rep\u00fablica Dominicana (Por Dulce Jim\u00e9nez).- Un joven de 21 a\u00f1os fue asesinado a balazos en un callej\u00f3n, pr\u00f3ximo a una universidad de aqu\u00ed.<\/p>\n<p>Emilio Norton (El Mello), \u00a0de 21 a\u00f1os, recibi\u00f3 tres balazos \u00a0en el pecho ayer.\u00a0 Resid\u00eda en la urbanizaci\u00f3n Los C\u00e1ceres, de aqu\u00ed.<\/p>\n<p>Norton hab\u00eda estado detenido junto a un hermano suyo en relaci\u00f3n con heridas provocadas recientemente a otro joven en un barrio de Moca. Ambos posteriormente fueron libertados con una garant\u00eda econ\u00f3mica porque los querellantes los desvincularon del hecho.<\/p>\n<p><!--more-->El cuerpo del joven est\u00e1 siendo velado en una funeraria de Moca.<\/p>\n<p>El pasado mi\u00e9rcoles fue asesinado aqu\u00ed Ram\u00f3n Leonardo Santos Santana (Giovanni)\u00a0 de\u00a0 31 a\u00f1os, mientras dorm\u00eda en su residencia del sector \u201cSal si Puedes\u201d.<\/p>\n","protected":false},"excerpt":{"rendered":"<p>MOCA, Rep\u00fablica Dominicana (Por Dulce Jim\u00e9nez).- Un joven de 21 a\u00f1os fue asesinado a balazos en un callej\u00f3n, pr\u00f3ximo a una universidad de aqu\u00ed. Emilio Norton (El Mello), \u00a0de 21 a\u00f1os, recibi\u00f3 tres balazos \u00a0en el pecho ayer.\u00a0 Resid\u00eda en la urbanizaci\u00f3n Los C\u00e1ceres, de aqu\u00ed. Norton hab\u00eda estado detenido junto a un hermano suyo [&hellip;]<\/p>\n","protected":false},"author":1,"featured_media":4590,"comment_status":"open","ping_status":"open","sticky":false,"template":"","format":"standard","meta":{"footnotes":""},"categories":[44],"tags":[],"class_list":["post-4985","post","type-post","status-publish","format-standard","has-post-thumbnail","hentry","category-republica-dominicana"],"_links":{"self":[{"href":"https:\/\/2horizontes.com\/index.php?rest_route=\/wp\/v2\/posts\/4985","targetHints":{"allow":["GET"]}}],"collection":[{"href":"https:\/\/2horizontes.com\/index.php?rest_route=\/wp\/v2\/posts"}],"about":[{"href":"https:\/\/2horizontes.com\/index.php?rest_route=\/wp\/v2\/types\/post"}],"author":[{"embeddable":true,"href":"https:\/\/2horizontes.com\/index.php?rest_route=\/wp\/v2\/users\/1"}],"replies":[{"embeddable":true,"href":"https:\/\/2horizontes.com\/index.php?rest_route=%2Fwp%2Fv2%2Fcomments&post=4985"}],"version-history":[{"count":3,"href":"https:\/\/2horizontes.com\/index.php?rest_route=\/wp\/v2\/posts\/4985\/revisions"}],"predecessor-version":[{"id":4988,"href":"https:\/\/2horizontes.com\/index.php?rest_route=\/wp\/v2\/posts\/4985\/revisions\/4988"}],"wp:featuredmedia":[{"embeddable":true,"href":"https:\/\/2horizontes.com\/index.php?rest_route=\/wp\/v2\/media\/4590"}],"wp:attachment":[{"href":"https:\/\/2horizontes.com\/index.php?rest_route=%2Fwp%2Fv2%2Fmedia&parent=4985"}],"wp:term":[{"taxonomy":"category","embeddable":true,"href":"https:\/\/2horizontes.com\/index.php?rest_route=%2Fwp%2Fv2%2Fcategories&post=4985"},{"taxonomy":"post_tag","embeddable":true,"href":"https:\/\/2horizontes.com\/index.php?rest_route=%2Fwp%2Fv2%2Ftags&post=4985"}],"curies":[{"name":"wp","href":"https:\/\/api.w.org\/{rel}","templated":true}]}}