{"id":49849,"date":"2016-05-11T21:34:52","date_gmt":"2016-05-11T20:34:52","guid":{"rendered":"http:\/\/2horizontes.com\/?p=49849"},"modified":"2016-05-11T21:34:52","modified_gmt":"2016-05-11T20:34:52","slug":"mud-convoca-concentracion-para-este-sabado-por-el-revocatorio","status":"publish","type":"post","link":"https:\/\/2horizontes.com\/?p=49849","title":{"rendered":"MUD convoca concentraci\u00f3n para este s\u00e1bado por el revocatorio"},"content":{"rendered":"<p>VENEZUELA.- La Mesa de la Unidad Democr\u00e1tica convoc\u00f3 a los ciudadanos a una concentraci\u00f3n este s\u00e1bado para exigirle al Consejo Nacional Electoral que agilice el conteo de firmas del refer\u00e9ndum revocatorio.<\/p>\n<p>\u00abExigimos al CNE que respete su propio reglamento para promover el ejercicio del derecho fundamental al sufragio\u00bb, dijo el secretario ejecutivo de la MUD, Jes\u00fas \u201cCh\u00fao\u201d Torrealba, en rueda de prensa.<\/p>\n<p>Inform\u00f3 que el punto de encuentro ser\u00e1 la avenida Casanova, a partir de las 10:00 am.<\/p>\n","protected":false},"excerpt":{"rendered":"<p>VENEZUELA.- La Mesa de la Unidad Democr\u00e1tica convoc\u00f3 a los ciudadanos a una concentraci\u00f3n este s\u00e1bado para exigirle al Consejo Nacional Electoral que agilice el conteo de firmas del refer\u00e9ndum revocatorio. \u00abExigimos al CNE que respete su propio reglamento para promover el ejercicio del derecho fundamental al sufragio\u00bb, dijo el secretario ejecutivo de la MUD, [&hellip;]<\/p>\n","protected":false},"author":13240,"featured_media":49852,"comment_status":"open","ping_status":"open","sticky":false,"template":"","format":"standard","meta":{"footnotes":""},"categories":[40,43,48],"tags":[],"class_list":["post-49849","post","type-post","status-publish","format-standard","has-post-thumbnail","hentry","category-internacionales","category-politica","category-venezuela"],"_links":{"self":[{"href":"https:\/\/2horizontes.com\/index.php?rest_route=\/wp\/v2\/posts\/49849","targetHints":{"allow":["GET"]}}],"collection":[{"href":"https:\/\/2horizontes.com\/index.php?rest_route=\/wp\/v2\/posts"}],"about":[{"href":"https:\/\/2horizontes.com\/index.php?rest_route=\/wp\/v2\/types\/post"}],"author":[{"embeddable":true,"href":"https:\/\/2horizontes.com\/index.php?rest_route=\/wp\/v2\/users\/13240"}],"replies":[{"embeddable":true,"href":"https:\/\/2horizontes.com\/index.php?rest_route=%2Fwp%2Fv2%2Fcomments&post=49849"}],"version-history":[{"count":1,"href":"https:\/\/2horizontes.com\/index.php?rest_route=\/wp\/v2\/posts\/49849\/revisions"}],"predecessor-version":[{"id":49853,"href":"https:\/\/2horizontes.com\/index.php?rest_route=\/wp\/v2\/posts\/49849\/revisions\/49853"}],"wp:featuredmedia":[{"embeddable":true,"href":"https:\/\/2horizontes.com\/index.php?rest_route=\/wp\/v2\/media\/49852"}],"wp:attachment":[{"href":"https:\/\/2horizontes.com\/index.php?rest_route=%2Fwp%2Fv2%2Fmedia&parent=49849"}],"wp:term":[{"taxonomy":"category","embeddable":true,"href":"https:\/\/2horizontes.com\/index.php?rest_route=%2Fwp%2Fv2%2Fcategories&post=49849"},{"taxonomy":"post_tag","embeddable":true,"href":"https:\/\/2horizontes.com\/index.php?rest_route=%2Fwp%2Fv2%2Ftags&post=49849"}],"curies":[{"name":"wp","href":"https:\/\/api.w.org\/{rel}","templated":true}]}}