{"id":49843,"date":"2016-05-11T21:26:57","date_gmt":"2016-05-11T20:26:57","guid":{"rendered":"http:\/\/2horizontes.com\/?p=49843"},"modified":"2016-05-11T21:26:57","modified_gmt":"2016-05-11T20:26:57","slug":"por-que-instagram-decidio-cambiar-su-logotipo","status":"publish","type":"post","link":"https:\/\/2horizontes.com\/?p=49843","title":{"rendered":"Por qu\u00e9 Instagram decidi\u00f3 cambiar su logotipo"},"content":{"rendered":"<div class=\"mce-body mce\">\n<p>Instagram lanz\u00f3 un nuevo logotipo que busca reflejar lo \u00abvibrante y diverso\u00bb que se han vuelto las historias que la gente cuenta a trav\u00e9s de esa plataforma.<\/p>\n<p>La red, que pertenece a Facebook, busca apartarse de la imagen de \u00abaplicaci\u00f3n para fotograf\u00edas\u00bb que en t\u00e9rminos generales se asocia con su marca.<\/p>\n<p>La versi\u00f3n actualizada del logotipo est\u00e1 \u00abinspirada por el \u00edcono anterior\u00bb, aunque el nuevo incluye \u00abuna c\u00e1mara m\u00e1s simple\u00bb, mientras que el arco\u00edris original \u00abse mantene en la gradaci\u00f3n de colores\u00bb.<\/p>\n<p>Se estima que 80 millones de fotos y videos se comparten todos los d\u00edas en Instagram.<\/p>\n<p>La red cuenta con unos 400 millones de usuarios. Es m\u00e1s grande que Twitter desde 2014.<\/p>\n<p>Tambi\u00e9n se ha convertido en el escenario donde tienen lugar unas cuantas peleas de celebridades.<\/p>\n<p>\u00abCuando Instagram comenz\u00f3, era principalmente un lugar para editar y compartir fotos\u00bb, dijo la compa\u00f1\u00eda.<\/p>\n<p>\u00abCinco a\u00f1os m\u00e1s tarde, es una comunidad global de intereses donde las personas comparten fotos y videos\u00bb.<\/p>\n<h2 class=\"story-body__crosshead\">M\u00e1s cambios<\/h2>\n<p>Los usuarios de Instagram tambi\u00e9n notar\u00e1n que el color de fondo de la aplicaci\u00f3n cambiar\u00e1 de azul a blanco.<\/p>\n<p>El dise\u00f1o simplificado \u00abpone m\u00e1s \u00e9nfasis en tus fotos y tus videos\u00bb, sin cambiar la manera en que se navega en la aplicaci\u00f3n.<\/p>\n<p>El redise\u00f1o empez\u00f3 hace un a\u00f1o, seg\u00fan le dijo un portavoz a la BBC.<\/p>\n<p>\u00abQuer\u00edamos crear una imagen que representara la variedad de expresi\u00f3n de la comunidad: pasado, presente y futuro\u00bb, se\u00f1al\u00f3.<\/p>\n<p>En una entrada de blog, dise\u00f1adores de Instagram insistieron en que la nueva imagen no \u00abes solo por la novedad\u00bb.<\/p>\n<p>\u00abEst\u00e1bamos comenzando a sentir que no reflejaba lo que es la comunidad, y pensamos que pod\u00edamos mejorarlo\u00bb, se\u00f1alaron.<\/p>\n<p>BBC.<\/p>\n<\/div>\n","protected":false},"excerpt":{"rendered":"<p>Instagram lanz\u00f3 un nuevo logotipo que busca reflejar lo \u00abvibrante y diverso\u00bb que se han vuelto las historias que la gente cuenta a trav\u00e9s de esa plataforma. La red, que pertenece a Facebook, busca apartarse de la imagen de \u00abaplicaci\u00f3n para fotograf\u00edas\u00bb que en t\u00e9rminos generales se asocia con su marca. La versi\u00f3n actualizada del [&hellip;]<\/p>\n","protected":false},"author":13240,"featured_media":49846,"comment_status":"open","ping_status":"open","sticky":false,"template":"","format":"standard","meta":{"footnotes":""},"categories":[83,88],"tags":[],"class_list":["post-49843","post","type-post","status-publish","format-standard","has-post-thumbnail","hentry","category-reportajes","category-tecnologia"],"_links":{"self":[{"href":"https:\/\/2horizontes.com\/index.php?rest_route=\/wp\/v2\/posts\/49843","targetHints":{"allow":["GET"]}}],"collection":[{"href":"https:\/\/2horizontes.com\/index.php?rest_route=\/wp\/v2\/posts"}],"about":[{"href":"https:\/\/2horizontes.com\/index.php?rest_route=\/wp\/v2\/types\/post"}],"author":[{"embeddable":true,"href":"https:\/\/2horizontes.com\/index.php?rest_route=\/wp\/v2\/users\/13240"}],"replies":[{"embeddable":true,"href":"https:\/\/2horizontes.com\/index.php?rest_route=%2Fwp%2Fv2%2Fcomments&post=49843"}],"version-history":[{"count":1,"href":"https:\/\/2horizontes.com\/index.php?rest_route=\/wp\/v2\/posts\/49843\/revisions"}],"predecessor-version":[{"id":49848,"href":"https:\/\/2horizontes.com\/index.php?rest_route=\/wp\/v2\/posts\/49843\/revisions\/49848"}],"wp:featuredmedia":[{"embeddable":true,"href":"https:\/\/2horizontes.com\/index.php?rest_route=\/wp\/v2\/media\/49846"}],"wp:attachment":[{"href":"https:\/\/2horizontes.com\/index.php?rest_route=%2Fwp%2Fv2%2Fmedia&parent=49843"}],"wp:term":[{"taxonomy":"category","embeddable":true,"href":"https:\/\/2horizontes.com\/index.php?rest_route=%2Fwp%2Fv2%2Fcategories&post=49843"},{"taxonomy":"post_tag","embeddable":true,"href":"https:\/\/2horizontes.com\/index.php?rest_route=%2Fwp%2Fv2%2Ftags&post=49843"}],"curies":[{"name":"wp","href":"https:\/\/api.w.org\/{rel}","templated":true}]}}