{"id":49823,"date":"2016-05-11T14:45:24","date_gmt":"2016-05-11T13:45:24","guid":{"rendered":"http:\/\/2horizontes.com\/?p=49823"},"modified":"2016-05-11T14:45:24","modified_gmt":"2016-05-11T13:45:24","slug":"mossack-fonseca-anuncia-acciones-legales-contra-consorcio-de-periodistas","status":"publish","type":"post","link":"https:\/\/2horizontes.com\/?p=49823","title":{"rendered":"Mossack Fonseca anuncia acciones legales contra consorcio de periodistas"},"content":{"rendered":"<div id=\"ArticleAuthorDiv\" class=\"article-body-author\"><b>EFE<\/b><\/div>\n<div id=\"ArticleSourceDiv\" class=\"article-body-author\"><b>Panam\u00e1<\/b><\/div>\n<div id=\"ArticleBody\">\n<p>El despacho de abogados Mossack Fonseca, epicentro de los denominados papeles de Panam\u00e1, anunci\u00f3 ayer que emprender\u00e1 acciones legales \u00abcontundentes\u00bb contra el Consorcio Internacional de Periodistas de Investigaci\u00f3n (ICIJ, por sus siglas en ingl\u00e9s) por haber publicado ayer su base de datos completa.<\/p>\n<p>\u00abComo empresa responsable y respetuosa de la libertad de prensa, hemos buscado comunicaci\u00f3n para evitar las acciones legales. Sin embargo, al ignorar nuestra carta de &#8216;cease and desist&#8217;, el consorcio nos obliga a iniciar acciones legales contundentes para protegernos de actos como este\u00bb, indic\u00f3 la compa\u00f1\u00eda en un comunicado.<\/p>\n<p>La organizaci\u00f3n period\u00edstica puso ayer a disposici\u00f3n del p\u00fablico los 11,5 millones de documentos sustra\u00eddos de los servidores de Mossack Fonseca, para que los usuarios puedan buscar informaci\u00f3n sobre m\u00e1s de 200.000 compa\u00f1\u00edas, fundaciones y fondos de inversi\u00f3n radicadas en distintos para\u00edsos fiscales.<\/p>\n<p>\u00abReiteramos que el uso de informaci\u00f3n privada robada es un delito en todos los Estados en los que tenemos presencia. Mossack Fonseca opera en todas las jurisdicciones bajo el cumplimiento de las regulaciones respectivas de la industria y todos los servicios que presta se proveen siempre dentro del \u00e1mbito de lo legal\u00bb, apunt\u00f3 el bufete.<\/p>\n<p>Adem\u00e1s, a\u00f1adi\u00f3 la firma, la informaci\u00f3n publicada por el consorcio de periodistas \u00abest\u00e1 cargada de errores, lleva a conclusiones erradas y ataca de forma irresponsable a empresas prestigiosas y legales\u00bb.<\/p>\n<p>El ICIJ, al entrar en la base de datos, que desde ayer est\u00e1 disponible en internet, advierte a los usuarios que las sociedades \u00aboffshore\u00bb tienen \u00abusos leg\u00edtimos\u00bb y subraya que no pretende decir que las personas o las compa\u00f1\u00edas que aparecen en los documentos han incumplido la ley.<\/p>\n<p>El esc\u00e1ndalo, considerado la mayor filtraci\u00f3n de la historia del periodismo, afecta ya a m\u00e1s de 140 pol\u00edticos y altos funcionarios de todo el planeta, entre ellos varios jefes o ex jefes de Estado y de Gobierno o a sus familiares.<\/p>\n<\/div>\n","protected":false},"excerpt":{"rendered":"<p>EFE Panam\u00e1 El despacho de abogados Mossack Fonseca, epicentro de los denominados papeles de Panam\u00e1, anunci\u00f3 ayer que emprender\u00e1 acciones legales \u00abcontundentes\u00bb contra el Consorcio Internacional de Periodistas de Investigaci\u00f3n (ICIJ, por sus siglas en ingl\u00e9s) por haber publicado ayer su base de datos completa. \u00abComo empresa responsable y respetuosa de la libertad de prensa, [&hellip;]<\/p>\n","protected":false},"author":7,"featured_media":49824,"comment_status":"open","ping_status":"open","sticky":false,"template":"","format":"standard","meta":{"footnotes":""},"categories":[40],"tags":[],"class_list":["post-49823","post","type-post","status-publish","format-standard","has-post-thumbnail","hentry","category-internacionales"],"_links":{"self":[{"href":"https:\/\/2horizontes.com\/index.php?rest_route=\/wp\/v2\/posts\/49823","targetHints":{"allow":["GET"]}}],"collection":[{"href":"https:\/\/2horizontes.com\/index.php?rest_route=\/wp\/v2\/posts"}],"about":[{"href":"https:\/\/2horizontes.com\/index.php?rest_route=\/wp\/v2\/types\/post"}],"author":[{"embeddable":true,"href":"https:\/\/2horizontes.com\/index.php?rest_route=\/wp\/v2\/users\/7"}],"replies":[{"embeddable":true,"href":"https:\/\/2horizontes.com\/index.php?rest_route=%2Fwp%2Fv2%2Fcomments&post=49823"}],"version-history":[{"count":2,"href":"https:\/\/2horizontes.com\/index.php?rest_route=\/wp\/v2\/posts\/49823\/revisions"}],"predecessor-version":[{"id":49826,"href":"https:\/\/2horizontes.com\/index.php?rest_route=\/wp\/v2\/posts\/49823\/revisions\/49826"}],"wp:featuredmedia":[{"embeddable":true,"href":"https:\/\/2horizontes.com\/index.php?rest_route=\/wp\/v2\/media\/49824"}],"wp:attachment":[{"href":"https:\/\/2horizontes.com\/index.php?rest_route=%2Fwp%2Fv2%2Fmedia&parent=49823"}],"wp:term":[{"taxonomy":"category","embeddable":true,"href":"https:\/\/2horizontes.com\/index.php?rest_route=%2Fwp%2Fv2%2Fcategories&post=49823"},{"taxonomy":"post_tag","embeddable":true,"href":"https:\/\/2horizontes.com\/index.php?rest_route=%2Fwp%2Fv2%2Ftags&post=49823"}],"curies":[{"name":"wp","href":"https:\/\/api.w.org\/{rel}","templated":true}]}}