{"id":49814,"date":"2016-05-11T14:24:22","date_gmt":"2016-05-11T13:24:22","guid":{"rendered":"http:\/\/2horizontes.com\/?p=49814"},"modified":"2016-05-11T14:24:22","modified_gmt":"2016-05-11T13:24:22","slug":"fidel-castro-recibio-en-la-habana-a-presidente-asociacion-comites-olimpicos","status":"publish","type":"post","link":"https:\/\/2horizontes.com\/?p=49814","title":{"rendered":"Fidel Castro recibi\u00f3 en La Habana a presidente asociaci\u00f3n comit\u00e9s ol\u00edmpicos"},"content":{"rendered":"<div id=\"ArticleAuthorDiv\" class=\"article-body-author\"><b>EFE<\/b><\/div>\n<div id=\"ArticleSourceDiv\" class=\"article-body-author\"><b>La Habana<\/b><\/div>\n<div id=\"ArticleBody\">\n<p>El expresidente de Cuba, Fidel Castro, convers\u00f3 en La Habana con el presidente de la Asociaci\u00f3n de Comit\u00e9s Ol\u00edmpicos Nacionales (ACNO), el jeque kuwait\u00ed Ahmad Al-Fahad Al-Sabah, informan ayer medios oficiales de la isla.<\/p>\n<p>Los diarios estatales Granma y Juventud Rebelde dan a conocer la noticia de la reuni\u00f3n del l\u00edder cubano, retirado del poder desde 2006, y Al-Sabah, en un reportaje fotogr\u00e1fico en el que ve a Fidel Castro sentado y con una chaqueta deportiva de color blanco, conversando e intercambiando regalos con su visitante.<\/p>\n<p>En las im\u00e1genes tambi\u00e9n aparecen la esposa del exmandatario, Delia Soto Del Valle y su hijo Antonio Castro, vicepresidente de la Federaci\u00f3n Cubana de B\u00e9isbol.<\/p>\n<p>Al-Sabah lleg\u00f3 a Cuba el pasado domingo, donde fue recibido por en el Aeropuerto Jos\u00e9 Mart\u00ed por el presidente del Comit\u00e9 Ol\u00edmpico Cubano, Jos\u00e9 Ram\u00f3n Fern\u00e1ndez, y el director del Instituto Nacional de Deportes y Recreaci\u00f3n, Antonio Becali, seg\u00fan indica la estatal Agencia Cubana de Noticias.<\/p>\n<p>Durante su visita el presidente de la ACNO intercambi\u00f3 con directivos del deporte en la isla y recorri\u00f3 varias instalaciones de la capital cubana, entre ellas el Laboratorio Antidoping y el emblem\u00e1tico estadio Latinoamericano.<\/p>\n<p>Fidel Castro, que en agosto cumplir\u00e1 90 a\u00f1os, apareci\u00f3 en p\u00fablico por \u00faltima vez el pasado 19 de abril durante la clausura del VII Congreso del Partido Comunista de Cuba (PCC, \u00fanico).<\/p>\n<\/div>\n","protected":false},"excerpt":{"rendered":"<p>EFE La Habana El expresidente de Cuba, Fidel Castro, convers\u00f3 en La Habana con el presidente de la Asociaci\u00f3n de Comit\u00e9s Ol\u00edmpicos Nacionales (ACNO), el jeque kuwait\u00ed Ahmad Al-Fahad Al-Sabah, informan ayer medios oficiales de la isla. Los diarios estatales Granma y Juventud Rebelde dan a conocer la noticia de la reuni\u00f3n del l\u00edder cubano, [&hellip;]<\/p>\n","protected":false},"author":7,"featured_media":49815,"comment_status":"open","ping_status":"open","sticky":false,"template":"","format":"standard","meta":{"footnotes":""},"categories":[49,40,43],"tags":[],"class_list":["post-49814","post","type-post","status-publish","format-standard","has-post-thumbnail","hentry","category-cuba","category-internacionales","category-politica"],"_links":{"self":[{"href":"https:\/\/2horizontes.com\/index.php?rest_route=\/wp\/v2\/posts\/49814","targetHints":{"allow":["GET"]}}],"collection":[{"href":"https:\/\/2horizontes.com\/index.php?rest_route=\/wp\/v2\/posts"}],"about":[{"href":"https:\/\/2horizontes.com\/index.php?rest_route=\/wp\/v2\/types\/post"}],"author":[{"embeddable":true,"href":"https:\/\/2horizontes.com\/index.php?rest_route=\/wp\/v2\/users\/7"}],"replies":[{"embeddable":true,"href":"https:\/\/2horizontes.com\/index.php?rest_route=%2Fwp%2Fv2%2Fcomments&post=49814"}],"version-history":[{"count":1,"href":"https:\/\/2horizontes.com\/index.php?rest_route=\/wp\/v2\/posts\/49814\/revisions"}],"predecessor-version":[{"id":49816,"href":"https:\/\/2horizontes.com\/index.php?rest_route=\/wp\/v2\/posts\/49814\/revisions\/49816"}],"wp:featuredmedia":[{"embeddable":true,"href":"https:\/\/2horizontes.com\/index.php?rest_route=\/wp\/v2\/media\/49815"}],"wp:attachment":[{"href":"https:\/\/2horizontes.com\/index.php?rest_route=%2Fwp%2Fv2%2Fmedia&parent=49814"}],"wp:term":[{"taxonomy":"category","embeddable":true,"href":"https:\/\/2horizontes.com\/index.php?rest_route=%2Fwp%2Fv2%2Fcategories&post=49814"},{"taxonomy":"post_tag","embeddable":true,"href":"https:\/\/2horizontes.com\/index.php?rest_route=%2Fwp%2Fv2%2Ftags&post=49814"}],"curies":[{"name":"wp","href":"https:\/\/api.w.org\/{rel}","templated":true}]}}