{"id":49768,"date":"2016-05-10T10:50:00","date_gmt":"2016-05-10T09:50:00","guid":{"rendered":"http:\/\/2horizontes.com\/?p=49768"},"modified":"2016-05-10T10:50:00","modified_gmt":"2016-05-10T09:50:00","slug":"fallece-un-ciclista-atropellado-por-un-coche-en-almeria","status":"publish","type":"post","link":"https:\/\/2horizontes.com\/?p=49768","title":{"rendered":"Fallece un ciclista atropellado por un coche en Almer\u00eda"},"content":{"rendered":"<p>Un hombre cuyos datos de filiaci\u00f3n no han trascendido ha fallecido en Roquetas de Mar (Almer\u00eda) tras ser atropellado por un veh\u00edculo cuando transitaba por una v\u00eda a bordo de su bicicleta.<\/p>\n<p>Seg\u00fan ha explicado a Europa Press fuentes del servicio de emergencias 112 Andaluc\u00eda, los hechos han tenido lugar poco antes de las 7,00 horas cuando varios particulares alertaron del siniestro, que tuvo lugar poco antes de 7,00 horas.<\/p>\n<p>Seg\u00fan los informantes, el ciclista hab\u00eda quedado atrapado debajo del veh\u00edculo, de forma que se dio aviso a Bomberos del Poniente, Polic\u00eda Local y servicios sanitarios. En el momento de excarcelar a la v\u00edctima, \u00e9sta ya hab\u00eda fallecido.<\/p>\n<p>Por el momento, se investigan los hechos para conocer las circunstancias del atropello e identificar al fallecido, de origen extranjero.<\/p>\n","protected":false},"excerpt":{"rendered":"<p>Un hombre cuyos datos de filiaci\u00f3n no han trascendido ha fallecido en Roquetas de Mar (Almer\u00eda) tras ser atropellado por un veh\u00edculo cuando transitaba por una v\u00eda a bordo de su bicicleta. Seg\u00fan ha explicado a Europa Press fuentes del servicio de emergencias 112 Andaluc\u00eda, los hechos han tenido lugar poco antes de las 7,00 [&hellip;]<\/p>\n","protected":false},"author":3,"featured_media":49769,"comment_status":"open","ping_status":"open","sticky":false,"template":"","format":"standard","meta":{"footnotes":""},"categories":[85],"tags":[],"class_list":["post-49768","post","type-post","status-publish","format-standard","has-post-thumbnail","hentry","category-espana"],"_links":{"self":[{"href":"https:\/\/2horizontes.com\/index.php?rest_route=\/wp\/v2\/posts\/49768","targetHints":{"allow":["GET"]}}],"collection":[{"href":"https:\/\/2horizontes.com\/index.php?rest_route=\/wp\/v2\/posts"}],"about":[{"href":"https:\/\/2horizontes.com\/index.php?rest_route=\/wp\/v2\/types\/post"}],"author":[{"embeddable":true,"href":"https:\/\/2horizontes.com\/index.php?rest_route=\/wp\/v2\/users\/3"}],"replies":[{"embeddable":true,"href":"https:\/\/2horizontes.com\/index.php?rest_route=%2Fwp%2Fv2%2Fcomments&post=49768"}],"version-history":[{"count":1,"href":"https:\/\/2horizontes.com\/index.php?rest_route=\/wp\/v2\/posts\/49768\/revisions"}],"predecessor-version":[{"id":49770,"href":"https:\/\/2horizontes.com\/index.php?rest_route=\/wp\/v2\/posts\/49768\/revisions\/49770"}],"wp:featuredmedia":[{"embeddable":true,"href":"https:\/\/2horizontes.com\/index.php?rest_route=\/wp\/v2\/media\/49769"}],"wp:attachment":[{"href":"https:\/\/2horizontes.com\/index.php?rest_route=%2Fwp%2Fv2%2Fmedia&parent=49768"}],"wp:term":[{"taxonomy":"category","embeddable":true,"href":"https:\/\/2horizontes.com\/index.php?rest_route=%2Fwp%2Fv2%2Fcategories&post=49768"},{"taxonomy":"post_tag","embeddable":true,"href":"https:\/\/2horizontes.com\/index.php?rest_route=%2Fwp%2Fv2%2Ftags&post=49768"}],"curies":[{"name":"wp","href":"https:\/\/api.w.org\/{rel}","templated":true}]}}