{"id":49750,"date":"2016-05-10T10:28:11","date_gmt":"2016-05-10T09:28:11","guid":{"rendered":"http:\/\/2horizontes.com\/?p=49750"},"modified":"2016-05-10T10:28:11","modified_gmt":"2016-05-10T09:28:11","slug":"un-muerto-tras-el-ataque-de-un-hombre-con-un-cuchillo-contra-los-pasajeros-de-una-estacion-en-munich","status":"publish","type":"post","link":"https:\/\/2horizontes.com\/?p=49750","title":{"rendered":"Un muerto tras el ataque de un hombre con un cuchillo contra los pasajeros de una estaci\u00f3n en Munich"},"content":{"rendered":"<p>Un hombre ha muerto en el hospital despu\u00e9s de que a primera hora de esta ma\u00f1ana un individuo atacara con un cuchillo a varios pasajeros en una estaci\u00f3n de tren de Grafing, en los alrededores la ciudad alemana de Munich. El ataque habr\u00eda dejado cuatro heridos, todos ellos varones, y uno de ellos ha fallecido posteriormente.<\/p>\n<p>La polic\u00eda estaban revisando las declaraciones de varios testigos que afirman que el hombre grit\u00f3 \u201cAllahu Akbar\u201d (Dios es grande) durante el ataque. El portavoz de la polic\u00eda Michaela Grob ha afirmado que un hombre ha sido detenido y al parecer no tiene antecedentes penales. Se trata de un alem\u00e1n de 27 a\u00f1os, inform\u00f3 hoy la Fiscal\u00eda Estatal de M\u00fanich.<\/p>\n<p>Un hombre de 50 a\u00f1os result\u00f3 herido grave y falleci\u00f3 despu\u00e9s en el hospital. Los otros tres heridos, de 58, 43 y 55 a\u00f1os, se encuentran ingresados en distintos centros hospitalarios de la regi\u00f3n.<\/p>\n<p>La idea de que la gente entre en la estaci\u00f3n o reparta peri\u00f3dicos all\u00ed y de repente se convierta en v\u00edctima de un man\u00edaco es terrible. Esperamos que se recuperen por completo\u201d, ha afirmado la alcaldesa de la localidad, Angelika Obermayr. \u201cEstoy muy agradecida a la polic\u00eda, los m\u00e9dicos, param\u00e9dicos y bomberos que reaccionaron r\u00e1pidamente\u201d.<\/p>\n<p>El ataque ha tenido lugar en la estaci\u00f3n de Grafing, en el distrito de Ebersberg, al este de M\u00fanich, poco antes de las cinco de la ma\u00f1ana. La estaci\u00f3n de la l\u00ednea S4 permanece cerrada y el tr\u00e1fico de trenes de cercan\u00edas interrumpido. \u201cLa estaci\u00f3n es el lugar de un crimen y, por tanto, debe ser analizada\u201d, ha contado un portavoz de la Polic\u00eda, que no descarta un \u201cm\u00f3vil pol\u00edtico\u201d. La fiscal\u00eda de Munich ha impuesto un bloqueo informativo.<\/p>\n<p>Alemania, que est\u00e1 jugando un papel de apoyo en la lucha contra el Estado isl\u00e1mico, no ha sufrido ning\u00fan gran ataque por parte de militantes islamistas como los que han experimentado la vecina Francia y B\u00e9lgica. Sin embargo, los servicios de seguridad alemanes est\u00e1n en alerta y los ministros del pa\u00eds han advertido reiteradamente sobre un posible ataque.<\/p>\n<p>M\u00e1s de 800 radicales educados en Alemania dejaron el pa\u00eds para unirse a grupos yihadistas en Siria e Iraq, y unos 260 de han retornado. Alemania tambi\u00e9n fue un pa\u00eds de tr\u00e1nsito para los autores de los atentados de B\u00e9lgica este a\u00f1o y Par\u00eds el a\u00f1o pasado.<\/p>\n","protected":false},"excerpt":{"rendered":"<p>Un hombre ha muerto en el hospital despu\u00e9s de que a primera hora de esta ma\u00f1ana un individuo atacara con un cuchillo a varios pasajeros en una estaci\u00f3n de tren de Grafing, en los alrededores la ciudad alemana de Munich. El ataque habr\u00eda dejado cuatro heridos, todos ellos varones, y uno de ellos ha fallecido [&hellip;]<\/p>\n","protected":false},"author":3,"featured_media":49751,"comment_status":"open","ping_status":"open","sticky":false,"template":"","format":"standard","meta":{"footnotes":""},"categories":[40],"tags":[],"class_list":["post-49750","post","type-post","status-publish","format-standard","has-post-thumbnail","hentry","category-internacionales"],"_links":{"self":[{"href":"https:\/\/2horizontes.com\/index.php?rest_route=\/wp\/v2\/posts\/49750","targetHints":{"allow":["GET"]}}],"collection":[{"href":"https:\/\/2horizontes.com\/index.php?rest_route=\/wp\/v2\/posts"}],"about":[{"href":"https:\/\/2horizontes.com\/index.php?rest_route=\/wp\/v2\/types\/post"}],"author":[{"embeddable":true,"href":"https:\/\/2horizontes.com\/index.php?rest_route=\/wp\/v2\/users\/3"}],"replies":[{"embeddable":true,"href":"https:\/\/2horizontes.com\/index.php?rest_route=%2Fwp%2Fv2%2Fcomments&post=49750"}],"version-history":[{"count":1,"href":"https:\/\/2horizontes.com\/index.php?rest_route=\/wp\/v2\/posts\/49750\/revisions"}],"predecessor-version":[{"id":49752,"href":"https:\/\/2horizontes.com\/index.php?rest_route=\/wp\/v2\/posts\/49750\/revisions\/49752"}],"wp:featuredmedia":[{"embeddable":true,"href":"https:\/\/2horizontes.com\/index.php?rest_route=\/wp\/v2\/media\/49751"}],"wp:attachment":[{"href":"https:\/\/2horizontes.com\/index.php?rest_route=%2Fwp%2Fv2%2Fmedia&parent=49750"}],"wp:term":[{"taxonomy":"category","embeddable":true,"href":"https:\/\/2horizontes.com\/index.php?rest_route=%2Fwp%2Fv2%2Fcategories&post=49750"},{"taxonomy":"post_tag","embeddable":true,"href":"https:\/\/2horizontes.com\/index.php?rest_route=%2Fwp%2Fv2%2Ftags&post=49750"}],"curies":[{"name":"wp","href":"https:\/\/api.w.org\/{rel}","templated":true}]}}