{"id":49733,"date":"2016-05-09T21:44:25","date_gmt":"2016-05-09T20:44:25","guid":{"rendered":"http:\/\/2horizontes.com\/?p=49733"},"modified":"2016-05-09T21:44:25","modified_gmt":"2016-05-09T20:44:25","slug":"camara-de-cuenta-aprueba-solicitud-de-falpo-de-auditar-ayuntamiento-de-gonzalo","status":"publish","type":"post","link":"https:\/\/2horizontes.com\/?p=49733","title":{"rendered":"C\u00e1mara de Cuenta aprueba solicitud de FALPO de auditar ayuntamiento de Gonzalo"},"content":{"rendered":"<div class=\"detalle-texto\">\n<div class=\"text\">\n<p>SANTO DOMINGO. La C\u00e1mara de Cuentas de la Rep\u00fablica Dominicana (CCRD) acogi\u00f3 la solicitud hecha por el Frente Amplio de Lucha Popular (FALPO), de iniciar una auditor\u00eda al ayuntamiento del distrito municipal de Gonzalo, perteneciente al municipio de Sabana Grande de Boy\u00e1, provincia Monte Plata.<\/p>\n<p>En el documento remitido al Falpo, la entidad guardiana de los recursos p\u00fablicos, precisa que el pleno de la CCRD, mediante la decisi\u00f3n DEC-2016-085 de fecha 28 de abril del presente a\u00f1o, aprob\u00f3 la realizaci\u00f3n de la investigaci\u00f3n especial solicitada.<\/p>\n<p>En una comunicaci\u00f3n de prensa, el vocero del FALPO, Grabiel S\u00e1nchez, salud\u00f3 la aprobaci\u00f3n de la auditor\u00eda a la Alcald\u00eda de Gonzalo, la que, seg\u00fan afirma, comprobar\u00e1 ante el pa\u00eds las denuncias hechas por esa organizaci\u00f3n sobre el mal manejo del presupuesto en el que se incurre en ese cabildo.<\/p>\n<p>S\u00e1nchez indic\u00f3 que la solicitud hecha a la CCRD se enmarca en el compromiso del Falpo de exigir a las instituciones del Estado que manejan recursos p\u00fablicos, mediante la asignaci\u00f3n del presupuesto nacional, las informaciones detalladas de la ejecuci\u00f3n de los fondos.<\/p>\n<p>Record\u00f3 que desde el 15 de febrero del 2013, el director del ayuntamiento del distrito municipal de Gonzalo ha colocado obst\u00e1culos para no presentar el informe de la ejecuci\u00f3n presupuestaria de esa alcald\u00eda, as\u00ed como ocultar la n\u00f3mina de empleados y gastos.<\/p>\n<\/div>\n<\/div>\n","protected":false},"excerpt":{"rendered":"<p>SANTO DOMINGO. La C\u00e1mara de Cuentas de la Rep\u00fablica Dominicana (CCRD) acogi\u00f3 la solicitud hecha por el Frente Amplio de Lucha Popular (FALPO), de iniciar una auditor\u00eda al ayuntamiento del distrito municipal de Gonzalo, perteneciente al municipio de Sabana Grande de Boy\u00e1, provincia Monte Plata. En el documento remitido al Falpo, la entidad guardiana de [&hellip;]<\/p>\n","protected":false},"author":13240,"featured_media":49739,"comment_status":"open","ping_status":"open","sticky":false,"template":"","format":"standard","meta":{"footnotes":""},"categories":[63,43,44],"tags":[],"class_list":["post-49733","post","type-post","status-publish","format-standard","has-post-thumbnail","hentry","category-economia","category-politica","category-republica-dominicana"],"_links":{"self":[{"href":"https:\/\/2horizontes.com\/index.php?rest_route=\/wp\/v2\/posts\/49733","targetHints":{"allow":["GET"]}}],"collection":[{"href":"https:\/\/2horizontes.com\/index.php?rest_route=\/wp\/v2\/posts"}],"about":[{"href":"https:\/\/2horizontes.com\/index.php?rest_route=\/wp\/v2\/types\/post"}],"author":[{"embeddable":true,"href":"https:\/\/2horizontes.com\/index.php?rest_route=\/wp\/v2\/users\/13240"}],"replies":[{"embeddable":true,"href":"https:\/\/2horizontes.com\/index.php?rest_route=%2Fwp%2Fv2%2Fcomments&post=49733"}],"version-history":[{"count":1,"href":"https:\/\/2horizontes.com\/index.php?rest_route=\/wp\/v2\/posts\/49733\/revisions"}],"predecessor-version":[{"id":49740,"href":"https:\/\/2horizontes.com\/index.php?rest_route=\/wp\/v2\/posts\/49733\/revisions\/49740"}],"wp:featuredmedia":[{"embeddable":true,"href":"https:\/\/2horizontes.com\/index.php?rest_route=\/wp\/v2\/media\/49739"}],"wp:attachment":[{"href":"https:\/\/2horizontes.com\/index.php?rest_route=%2Fwp%2Fv2%2Fmedia&parent=49733"}],"wp:term":[{"taxonomy":"category","embeddable":true,"href":"https:\/\/2horizontes.com\/index.php?rest_route=%2Fwp%2Fv2%2Fcategories&post=49733"},{"taxonomy":"post_tag","embeddable":true,"href":"https:\/\/2horizontes.com\/index.php?rest_route=%2Fwp%2Fv2%2Ftags&post=49733"}],"curies":[{"name":"wp","href":"https:\/\/api.w.org\/{rel}","templated":true}]}}