{"id":49727,"date":"2016-05-09T21:28:52","date_gmt":"2016-05-09T20:28:52","guid":{"rendered":"http:\/\/2horizontes.com\/?p=49727"},"modified":"2016-05-09T21:28:52","modified_gmt":"2016-05-09T20:28:52","slug":"serie-que-contara-la-historia-de-chavez-repasara-30-hitos-de-su-vida","status":"publish","type":"post","link":"https:\/\/2horizontes.com\/?p=49727","title":{"rendered":"Serie que contar\u00e1 la historia de Ch\u00e1vez repasar\u00e1 30 hitos de su vida"},"content":{"rendered":"<div class=\"mce-body mce\">\n<p>Los 30 hechos m\u00e1s relevantes de la vida del fallecido presidente Hugo Ch\u00e1vez ser\u00e1n el eje central de \u00abEl comandante\u00bb, proyecto que prepara Sony Pictures Television en Latinoam\u00e9rica.<\/p>\n<p>\u00abEl Comandante\u00bb ser\u00e1 protagonizado por el actor colombiano Andr\u00e9s Parra, quien se hizo conocido a nivel internacional por dar vida a Pablo Escobar en \u00abEl patr\u00f3n del mal\u00bb.<\/p>\n<p>Seg\u00fan informa <em>Variety<\/em>, el proyecto de Sony contempla 60 horas de producci\u00f3n, e incluir\u00e1 material de archivo de algunos hechos claves del ascenso al poder del pol\u00edtico.<\/p>\n<p>La vicepresidenta senior de Sony Pictures Television en Latinoam\u00e9rica, Ang\u00e9lica Guerra, sembr\u00f3 expectativas respecto a esta serie.<\/p>\n<p>\u00abEs nuestra serie m\u00e1s ambiciosa en varios niveles, en t\u00e9rminos de presupuesto, elenco\u2014 son unos 600 actores\u2014 locaciones y de historia, con la recreaci\u00f3n de los 30 mayores hitos de la vida de Ch\u00e1vez\u00bb.<\/p>\n<p>Guerra define el proyecto como una \u00abbio-teleserie\u00bb, por lo que es casi seguro que se emitir\u00e1 de lunes a viernes por canales de televisi\u00f3n abierta.<\/p>\n<p>Tambi\u00e9n se contempla su posterior venta a canales de cable y a plataforma de reproducci\u00f3n por<em> streaming<\/em>.<\/p>\n<\/div>\n","protected":false},"excerpt":{"rendered":"<p>Los 30 hechos m\u00e1s relevantes de la vida del fallecido presidente Hugo Ch\u00e1vez ser\u00e1n el eje central de \u00abEl comandante\u00bb, proyecto que prepara Sony Pictures Television en Latinoam\u00e9rica. \u00abEl Comandante\u00bb ser\u00e1 protagonizado por el actor colombiano Andr\u00e9s Parra, quien se hizo conocido a nivel internacional por dar vida a Pablo Escobar en \u00abEl patr\u00f3n del [&hellip;]<\/p>\n","protected":false},"author":13240,"featured_media":49730,"comment_status":"open","ping_status":"open","sticky":false,"template":"","format":"standard","meta":{"footnotes":""},"categories":[1,40,48],"tags":[],"class_list":["post-49727","post","type-post","status-publish","format-standard","has-post-thumbnail","hentry","category-entretenimiento","category-internacionales","category-venezuela"],"_links":{"self":[{"href":"https:\/\/2horizontes.com\/index.php?rest_route=\/wp\/v2\/posts\/49727","targetHints":{"allow":["GET"]}}],"collection":[{"href":"https:\/\/2horizontes.com\/index.php?rest_route=\/wp\/v2\/posts"}],"about":[{"href":"https:\/\/2horizontes.com\/index.php?rest_route=\/wp\/v2\/types\/post"}],"author":[{"embeddable":true,"href":"https:\/\/2horizontes.com\/index.php?rest_route=\/wp\/v2\/users\/13240"}],"replies":[{"embeddable":true,"href":"https:\/\/2horizontes.com\/index.php?rest_route=%2Fwp%2Fv2%2Fcomments&post=49727"}],"version-history":[{"count":1,"href":"https:\/\/2horizontes.com\/index.php?rest_route=\/wp\/v2\/posts\/49727\/revisions"}],"predecessor-version":[{"id":49731,"href":"https:\/\/2horizontes.com\/index.php?rest_route=\/wp\/v2\/posts\/49727\/revisions\/49731"}],"wp:featuredmedia":[{"embeddable":true,"href":"https:\/\/2horizontes.com\/index.php?rest_route=\/wp\/v2\/media\/49730"}],"wp:attachment":[{"href":"https:\/\/2horizontes.com\/index.php?rest_route=%2Fwp%2Fv2%2Fmedia&parent=49727"}],"wp:term":[{"taxonomy":"category","embeddable":true,"href":"https:\/\/2horizontes.com\/index.php?rest_route=%2Fwp%2Fv2%2Fcategories&post=49727"},{"taxonomy":"post_tag","embeddable":true,"href":"https:\/\/2horizontes.com\/index.php?rest_route=%2Fwp%2Fv2%2Ftags&post=49727"}],"curies":[{"name":"wp","href":"https:\/\/api.w.org\/{rel}","templated":true}]}}