{"id":4972,"date":"2015-04-11T20:19:18","date_gmt":"2015-04-11T20:19:18","guid":{"rendered":"http:\/\/2horizontes.com\/?p=4972"},"modified":"2015-04-11T20:19:45","modified_gmt":"2015-04-11T20:19:45","slug":"4972","status":"publish","type":"post","link":"https:\/\/2horizontes.com\/?p=4972","title":{"rendered":"Ra\u00fal Castro exculpa a Obama de los agravios de EE UU a Cuba"},"content":{"rendered":"<p>Las palabras m\u00e1s interesantes del discurso de Ra\u00fal Castro en su primera participaci\u00f3n en una Cumbre de las Am\u00e9ricas no estaban en su discurso preparado. No hay rastro en la copia original all\u00ed de la descripci\u00f3n de su in\u00e9dito aliado en el proceso de normalizaci\u00f3n de relaciones con Estados Unidos, Barack Obama, como un hombre \u201chonesto\u201d, tal como dijo este s\u00e1bado ante la atenta mirada del mandatario norteamericano y de los dem\u00e1s l\u00edderes del hemisferio.<\/p>\n<p>Tampoco figura su precisi\u00f3n, tras hacer un detallado recuento de las \u201cagresiones imperialistas\u201d de EE UU a Am\u00e9rica Latina a lo largo de la historia, de que Obama no es responsable de este oscuro pasado norteamericano. Un historial que, en lo que respecta a Cuba, tambi\u00e9n incluy\u00f3 todas esas veces en que los norteamericanos \u201centraron como aliados y se apoderaron del pa\u00eds como ocupantes\u201d, dijo Castro.<\/p>\n<p>Los agravios hist\u00f3ricos ocuparon, eso s\u00ed, buena parte de su discurso. Y este fue largo. Al fin y al cabo, como dijo con socarroner\u00eda y un gui\u00f1o travieso al comienzo de su intervenci\u00f3n, le deben el tiempo que no pudo usar Cuba durante las seisCumbres de las Am\u00e9ricas previas a las que la isla nunca fue invitada hasta ahora. Pero tras la retah\u00edla de males provocados por Washington, Castro se disculp\u00f3 ante Obama.<\/p>\n<p>\u00abPido disculpas al presidente Obama y a otros por expresarme as\u00ed, yo mismo le dije que la pasi\u00f3n se me sale por los poros cuando de la revoluci\u00f3n (cubana) se trata\u00bb, reconoci\u00f3 Castro. Y fue m\u00e1s all\u00e1: \u201cDiez presidentes (de EE UU) tienen deudas con nosotros, pero no el presidente Obama\u201d, subray\u00f3.<\/p>\n<p>Las precisiones fueron recibidas con m\u00e1s de una risa asombrada entre los mandatarios que lo escuchaban atentamente. Al fin y al cabo, de boca de un hermano Castro lo que m\u00e1s se ha escuchado durante m\u00e1s de 50 a\u00f1os de conflicto han sido sobre todo acusaciones al \u201cimperialista yanqui\u201d, no perdones a su cabeza m\u00e1s visible.<\/p>\n<p>Pero constituyen una muestra m\u00e1s de la firmeza en la disposici\u00f3n de ambos pa\u00edses por avanzar en el proceso de normalizaci\u00f3n de relaciones iniciado hace casi cuatro meses y que debe consolidarse en esta cumbre paname\u00f1a donde los dos mandatarios hablan por primera vez cara a cara de forma oficial.<\/p>\n<p>\u201cHemos expresado, y le reitero ahora al presidente Barack Obama, nuestra disposici\u00f3n al di\u00e1logo respetuoso y a la convivencia civilizada entre ambos Estados dentro de nuestras profundas diferencias\u201d, declar\u00f3 Castro en la asamblea de mandatarios americanos y caribe\u00f1os. El presidente cubano dijo \u201capreciar como paso positivo\u201d las aseveraciones de Obama de que no va a tardar mucho en anunciar su decisi\u00f3n sobre la salida de Cuba de la lista norteamericana de Estados patrocinadores del terrorismo que tanto indigna a la isla. Y valor\u00f3 tambi\u00e9n su \u201cvaliente decisi\u00f3n\u201d de enfrentarse al Congreso en Washington para reclamarle el fin del embargo comercial.<\/p>\n<p>Ra\u00fal Castro dej\u00f3 claro sin embargo que los cambios que se produzcan tienen un tope: el sistema pol\u00edtico de Cuba no va a cambiar. Reformas s\u00ed, pero con un objetivo declarado: \u201cContinuaremos enfrascados en el proceso de actualizaci\u00f3n del modelo econ\u00f3mico cubano con el objetivo de perfeccionar nuestro socialismo, avanzar hacia el desarrollo y consolidar los logros de la revoluci\u00f3n\u201d, proclam\u00f3.<\/p>\n<p>Con todo, en su estreno hemisf\u00e9rico Ra\u00fal Castro demostr\u00f3 una vez m\u00e1s que no es su hermano Fidel ni siquiera en las formas. Siempre que puede, el actual presidente y hermano menor del hist\u00f3rico l\u00edder cubano evita dar discursos largos. Panam\u00e1 sin embargo fue una excepci\u00f3n. La ocasi\u00f3n la merec\u00eda. Su invitaci\u00f3n a Panam\u00e1 escenifica el regreso -no todav\u00eda completo, pero s\u00ed totalmente triunfal- al campo de juego hemisf\u00e9rico. Por eso se tom\u00f3 su tiempo para decir lo que ten\u00eda que decir. Como \u00e9l mismo dijo al comenzar su intervenci\u00f3n, \u201cya era hora\u201d. Los aplausos fueron inmediatos.<\/p>\n","protected":false},"excerpt":{"rendered":"<p>Las palabras m\u00e1s interesantes del discurso de Ra\u00fal Castro en su primera participaci\u00f3n en una Cumbre de las Am\u00e9ricas no estaban en su discurso preparado. No hay rastro en la copia original all\u00ed de la descripci\u00f3n de su in\u00e9dito aliado en el proceso de normalizaci\u00f3n de relaciones con Estados Unidos, Barack Obama, como un hombre [&hellip;]<\/p>\n","protected":false},"author":1,"featured_media":4973,"comment_status":"open","ping_status":"open","sticky":false,"template":"","format":"standard","meta":{"footnotes":""},"categories":[40],"tags":[],"class_list":["post-4972","post","type-post","status-publish","format-standard","has-post-thumbnail","hentry","category-internacionales"],"_links":{"self":[{"href":"https:\/\/2horizontes.com\/index.php?rest_route=\/wp\/v2\/posts\/4972","targetHints":{"allow":["GET"]}}],"collection":[{"href":"https:\/\/2horizontes.com\/index.php?rest_route=\/wp\/v2\/posts"}],"about":[{"href":"https:\/\/2horizontes.com\/index.php?rest_route=\/wp\/v2\/types\/post"}],"author":[{"embeddable":true,"href":"https:\/\/2horizontes.com\/index.php?rest_route=\/wp\/v2\/users\/1"}],"replies":[{"embeddable":true,"href":"https:\/\/2horizontes.com\/index.php?rest_route=%2Fwp%2Fv2%2Fcomments&post=4972"}],"version-history":[{"count":2,"href":"https:\/\/2horizontes.com\/index.php?rest_route=\/wp\/v2\/posts\/4972\/revisions"}],"predecessor-version":[{"id":4975,"href":"https:\/\/2horizontes.com\/index.php?rest_route=\/wp\/v2\/posts\/4972\/revisions\/4975"}],"wp:featuredmedia":[{"embeddable":true,"href":"https:\/\/2horizontes.com\/index.php?rest_route=\/wp\/v2\/media\/4973"}],"wp:attachment":[{"href":"https:\/\/2horizontes.com\/index.php?rest_route=%2Fwp%2Fv2%2Fmedia&parent=4972"}],"wp:term":[{"taxonomy":"category","embeddable":true,"href":"https:\/\/2horizontes.com\/index.php?rest_route=%2Fwp%2Fv2%2Fcategories&post=4972"},{"taxonomy":"post_tag","embeddable":true,"href":"https:\/\/2horizontes.com\/index.php?rest_route=%2Fwp%2Fv2%2Ftags&post=4972"}],"curies":[{"name":"wp","href":"https:\/\/api.w.org\/{rel}","templated":true}]}}