{"id":49707,"date":"2016-05-09T20:57:30","date_gmt":"2016-05-09T19:57:30","guid":{"rendered":"http:\/\/2horizontes.com\/?p=49707"},"modified":"2016-05-09T20:57:30","modified_gmt":"2016-05-09T19:57:30","slug":"modelo-confundio-a-hombre-con-un-adorable-nino-y-lo-cargo","status":"publish","type":"post","link":"https:\/\/2horizontes.com\/?p=49707","title":{"rendered":"Modelo confundi\u00f3 a hombre con un adorable ni\u00f1o y lo carg\u00f3"},"content":{"rendered":"<p>Ella pens\u00f3 que se trataba de un ni\u00f1o de 6 a\u00f1os de edad y lo carg\u00f3, pero en realidad era un hombre adulto con el que se tom\u00f3 una fotograf\u00eda que lleg\u00f3 a ser tendencia en Twitter. El vergonzoso momento sucedi\u00f3 en Vietnam, cuando la modelo Michelle Mone alz\u00f3 en brazos a un hombre con enanismo para tomarse un selfie.<\/p>\n<p>Tras haberse presentado ante m\u00e1s de 3.000 personas durante una conferencia en Vietnam, la modelo escocesa Michelle Mone acept\u00f3 tomarse una foto con quien parec\u00eda ser un ni\u00f1o admirador que hab\u00eda salido del p\u00fablico. Al final se tomaron el retrato juntos y se hizo sumamente famoso en Twitter, pero por un accidental y excesivo gesto de ella.<\/p>\n<p>Al ella pensar que se trataba de un menor, por la complexi\u00f3n de \u00e9l, lo carg\u00f3 y accedi\u00f3 a tomarse las fotograf\u00eda que ahora son muy populares en Twitter. Inmediatamente sali\u00f3 la esposa del supuesto ni\u00f1o exigi\u00e9ndole a la modelo que bajara a su esposo.<\/p>\n<p>\u00abB\u00e1jalo, es mi esposo\u00bb, dijo la enfadada esposa del hombre de 43 a\u00f1os que estaba en los brazos de Mone.<\/p>\n<p>La esposa del protagonista de las im\u00e1genes que la modelo comparti\u00f3 v\u00eda Twitter, le reclam\u00f3 a Mone si acaso era normal que ella cargara a otros hombres de esa forma en el Reino Unido. En efecto, la escocesa fue la primera sorprendida por este hombre con enanismo que logr\u00f3 las im\u00e1genes m\u00e1s famosas junto a ella.<\/p>\n<p>La peculiar escena arranc\u00f3 cientos de carcajadas del p\u00fablico a\u00fan presente en la sala. La modelo tom\u00f3 con humor el encuentro y public\u00f3 las fotograf\u00edas en su cuenta de Twitter e Instagram. Al poco tiempo se volvi\u00f3 tendencia en la red social.<\/p>\n","protected":false},"excerpt":{"rendered":"<p>Ella pens\u00f3 que se trataba de un ni\u00f1o de 6 a\u00f1os de edad y lo carg\u00f3, pero en realidad era un hombre adulto con el que se tom\u00f3 una fotograf\u00eda que lleg\u00f3 a ser tendencia en Twitter. El vergonzoso momento sucedi\u00f3 en Vietnam, cuando la modelo Michelle Mone alz\u00f3 en brazos a un hombre con [&hellip;]<\/p>\n","protected":false},"author":13240,"featured_media":49710,"comment_status":"open","ping_status":"open","sticky":false,"template":"","format":"standard","meta":{"footnotes":""},"categories":[1,86,40],"tags":[],"class_list":["post-49707","post","type-post","status-publish","format-standard","has-post-thumbnail","hentry","category-entretenimiento","category-europa","category-internacionales"],"_links":{"self":[{"href":"https:\/\/2horizontes.com\/index.php?rest_route=\/wp\/v2\/posts\/49707","targetHints":{"allow":["GET"]}}],"collection":[{"href":"https:\/\/2horizontes.com\/index.php?rest_route=\/wp\/v2\/posts"}],"about":[{"href":"https:\/\/2horizontes.com\/index.php?rest_route=\/wp\/v2\/types\/post"}],"author":[{"embeddable":true,"href":"https:\/\/2horizontes.com\/index.php?rest_route=\/wp\/v2\/users\/13240"}],"replies":[{"embeddable":true,"href":"https:\/\/2horizontes.com\/index.php?rest_route=%2Fwp%2Fv2%2Fcomments&post=49707"}],"version-history":[{"count":1,"href":"https:\/\/2horizontes.com\/index.php?rest_route=\/wp\/v2\/posts\/49707\/revisions"}],"predecessor-version":[{"id":49712,"href":"https:\/\/2horizontes.com\/index.php?rest_route=\/wp\/v2\/posts\/49707\/revisions\/49712"}],"wp:featuredmedia":[{"embeddable":true,"href":"https:\/\/2horizontes.com\/index.php?rest_route=\/wp\/v2\/media\/49710"}],"wp:attachment":[{"href":"https:\/\/2horizontes.com\/index.php?rest_route=%2Fwp%2Fv2%2Fmedia&parent=49707"}],"wp:term":[{"taxonomy":"category","embeddable":true,"href":"https:\/\/2horizontes.com\/index.php?rest_route=%2Fwp%2Fv2%2Fcategories&post=49707"},{"taxonomy":"post_tag","embeddable":true,"href":"https:\/\/2horizontes.com\/index.php?rest_route=%2Fwp%2Fv2%2Ftags&post=49707"}],"curies":[{"name":"wp","href":"https:\/\/api.w.org\/{rel}","templated":true}]}}