{"id":49684,"date":"2016-05-09T10:51:49","date_gmt":"2016-05-09T09:51:49","guid":{"rendered":"http:\/\/2horizontes.com\/?p=49684"},"modified":"2016-05-09T10:51:49","modified_gmt":"2016-05-09T09:51:49","slug":"las-piscinas-municipales-abren-el-14-de-mayo","status":"publish","type":"post","link":"https:\/\/2horizontes.com\/?p=49684","title":{"rendered":"Las piscinas municipales abren el 14 de mayo"},"content":{"rendered":"<p>Las piscinas municipales de verano mantienen el 14 de mayo como d\u00eda de apertura, han confirmado fuentes del Ayuntamiento de Madrid.<\/p>\n<p>El gobierno presidido por Manuela Carmena adelanta as\u00ed la apertura, haci\u00e9ndola coincidir con las fiestas de San Isidro, adem\u00e1s de rebajar las tarifas de acceso.<\/p>\n<p>En total ser\u00e1n 21 d\u00edas m\u00e1s de apertura de las piscinas, desde el 14 de mayo hasta el 11 de septiembre. La jornada de puertas abiertas se mantiene: ser\u00e1 el 14 de mayo y de acceso gratuito.<\/p>\n<p>Hasta el a\u00f1o pasado conviv\u00edan dos tarifas diferenciadas, una para d\u00edas laborables y otra para festivos. Desde esta temporada se unificar\u00e1n y se bajar\u00e1n.<\/p>\n<p>En concreto, los precios se reducir\u00e1n un 25 por ciento con respecto al a\u00f1o pasado, de modo que un adulto pagar\u00e1 4,50 euros (antes eran 6 euros); un joven &#8211;de 15 a 26 a\u00f1os&#8211; deber\u00e1 abonar 3,60 euros (antes, 4,80 euros); la entrada infantil &#8211;hasta 14 a\u00f1os&#8211; ser\u00e1 de 2,70 euros (antes 3,60 euros) mientras que los mayores a partir de 65 a\u00f1os pagar\u00e1n 1,35 euros (antes 1,80 euros). Estos precios se rebajan utilizando el Bono Multiuso o el Abono Deporte Madrid.<\/p>\n<p>El Ayuntamiento prev\u00e9 1.400.000 asistentes en el verano de 2016. S\u00f3lo dos de las 23 piscinas municipales de verano abrir\u00e1n semanas m\u00e1s tarde, en torno al 1 de junio, por obras de mantenimiento. Son las de Moscard\u00f3 y Pe\u00f1uelas.<\/p>\n","protected":false},"excerpt":{"rendered":"<p>Las piscinas municipales de verano mantienen el 14 de mayo como d\u00eda de apertura, han confirmado fuentes del Ayuntamiento de Madrid. El gobierno presidido por Manuela Carmena adelanta as\u00ed la apertura, haci\u00e9ndola coincidir con las fiestas de San Isidro, adem\u00e1s de rebajar las tarifas de acceso. En total ser\u00e1n 21 d\u00edas m\u00e1s de apertura de [&hellip;]<\/p>\n","protected":false},"author":3,"featured_media":49685,"comment_status":"open","ping_status":"open","sticky":false,"template":"","format":"standard","meta":{"footnotes":""},"categories":[85],"tags":[],"class_list":["post-49684","post","type-post","status-publish","format-standard","has-post-thumbnail","hentry","category-espana"],"_links":{"self":[{"href":"https:\/\/2horizontes.com\/index.php?rest_route=\/wp\/v2\/posts\/49684","targetHints":{"allow":["GET"]}}],"collection":[{"href":"https:\/\/2horizontes.com\/index.php?rest_route=\/wp\/v2\/posts"}],"about":[{"href":"https:\/\/2horizontes.com\/index.php?rest_route=\/wp\/v2\/types\/post"}],"author":[{"embeddable":true,"href":"https:\/\/2horizontes.com\/index.php?rest_route=\/wp\/v2\/users\/3"}],"replies":[{"embeddable":true,"href":"https:\/\/2horizontes.com\/index.php?rest_route=%2Fwp%2Fv2%2Fcomments&post=49684"}],"version-history":[{"count":1,"href":"https:\/\/2horizontes.com\/index.php?rest_route=\/wp\/v2\/posts\/49684\/revisions"}],"predecessor-version":[{"id":49686,"href":"https:\/\/2horizontes.com\/index.php?rest_route=\/wp\/v2\/posts\/49684\/revisions\/49686"}],"wp:featuredmedia":[{"embeddable":true,"href":"https:\/\/2horizontes.com\/index.php?rest_route=\/wp\/v2\/media\/49685"}],"wp:attachment":[{"href":"https:\/\/2horizontes.com\/index.php?rest_route=%2Fwp%2Fv2%2Fmedia&parent=49684"}],"wp:term":[{"taxonomy":"category","embeddable":true,"href":"https:\/\/2horizontes.com\/index.php?rest_route=%2Fwp%2Fv2%2Fcategories&post=49684"},{"taxonomy":"post_tag","embeddable":true,"href":"https:\/\/2horizontes.com\/index.php?rest_route=%2Fwp%2Fv2%2Ftags&post=49684"}],"curies":[{"name":"wp","href":"https:\/\/api.w.org\/{rel}","templated":true}]}}