{"id":49663,"date":"2016-05-08T21:25:19","date_gmt":"2016-05-08T20:25:19","guid":{"rendered":"http:\/\/2horizontes.com\/?p=49663"},"modified":"2016-05-08T21:25:19","modified_gmt":"2016-05-08T20:25:19","slug":"pedro-sanchez-no-ira-a-primarias-para-la-presidencia-por-falta-de-adversarios","status":"publish","type":"post","link":"https:\/\/2horizontes.com\/?p=49663","title":{"rendered":"Pedro S\u00e1nchez no ir\u00e1 a primarias para la presidencia por falta de adversarios"},"content":{"rendered":"<p>No habr\u00e1 primarias en el PSOE para elegir al candidato electoral a la presidencia del Gobierno. Pedro S\u00e1nchez, secretario general, ha sido el \u00fanico militante socialista que ha dado un paso al frente.<\/p>\n<p>Hoy la Comisi\u00f3n Federal de Garant\u00edas ha verificado y recontado los avales que S\u00e1nchez ha recabado y los ha superado con creces. Se requerir\u00edan algo m\u00e1s de 9.000, el 5% de la militancia, y ha reunido 36.021, nueve mil m\u00e1s que para las elecciones del pasado 20 de diciembre.<\/p>\n<p>Por segunda vez Pedro S\u00e1nchez representar\u00e1 a los socialistas en unas elecciones generales aunque ser\u00e1 un comit\u00e9 federal, que se celebrar\u00e1 al final de la semana, el \u00f3rgano que ratifique su candidatura.<\/p>\n<p>Ninguna sorpresa. Todas las federaciones socialistas consideraron que Pedro S\u00e1nchez deb\u00eda ser el candidato. Y ya ha empezado la campa\u00f1a; hoy en M\u00e9rida ( Badajoz ), donde ha celebrado con los socialistas extreme\u00f1os, y su secretario general y presidente de la comunidad, Guillermo Fern\u00e1ndez el D\u00eda de la Rosa.<\/p>\n<p>En este primer mitin, el l\u00edder socialista se ha centrado sobre todo en criticar la actitud del candidato del PP, Mariano Rajoy. Y mucho menos a Pablo Iglesias. \u201cA Rajoy le da pereza ir a debates y en estos cuatro meses pasados tampoco ha trabajado; un presidente perezoso es como un reloj sin cuerda; pongamos en marcha el reloj del cambio\u201d, se\u00f1al\u00f3 ya en tono netamente electoral con frases efectistas.<\/p>\n<p>Para criticar a Podemos tom\u00f3 como ejemplo la situaci\u00f3n que vive el gobierno extreme\u00f1o que preside Guillermo Fern\u00e1ndez \u2013 Vara. \u201cMe siento identificado con Guillermo que sufre a la vieja izquierda antisocialista que prefiere que gobierne la derecha\u201d. El presidente de Extremadura ha sacado adelante los presupuestos con el apoyo del PP y de Ciudadanos ya que Podemos, que le apoy\u00f3 en su investidura, los ha rechazado.<\/p>\n<p>En este acto el l\u00edder socialista hizo menci\u00f3n a su condici\u00f3n de candidato. A lo largo de mi vida he sufrido el paro, he sido trabajador aut\u00f3nomo, profesor universitario, y hoy tengo el inmenso honor de presentarme como candidato del partido m\u00e1s importante de Espa\u00f1a, el PSOE\u201d. La militancia socialista extreme\u00f1a, una vez m\u00e1s, como siempre ha hecho, ha mostrado apoyo y calidez al secretario general de su partido.<\/p>\n","protected":false},"excerpt":{"rendered":"<p>No habr\u00e1 primarias en el PSOE para elegir al candidato electoral a la presidencia del Gobierno. Pedro S\u00e1nchez, secretario general, ha sido el \u00fanico militante socialista que ha dado un paso al frente. Hoy la Comisi\u00f3n Federal de Garant\u00edas ha verificado y recontado los avales que S\u00e1nchez ha recabado y los ha superado con creces. [&hellip;]<\/p>\n","protected":false},"author":3,"featured_media":49664,"comment_status":"open","ping_status":"open","sticky":false,"template":"","format":"standard","meta":{"footnotes":""},"categories":[43],"tags":[],"class_list":["post-49663","post","type-post","status-publish","format-standard","has-post-thumbnail","hentry","category-politica"],"_links":{"self":[{"href":"https:\/\/2horizontes.com\/index.php?rest_route=\/wp\/v2\/posts\/49663","targetHints":{"allow":["GET"]}}],"collection":[{"href":"https:\/\/2horizontes.com\/index.php?rest_route=\/wp\/v2\/posts"}],"about":[{"href":"https:\/\/2horizontes.com\/index.php?rest_route=\/wp\/v2\/types\/post"}],"author":[{"embeddable":true,"href":"https:\/\/2horizontes.com\/index.php?rest_route=\/wp\/v2\/users\/3"}],"replies":[{"embeddable":true,"href":"https:\/\/2horizontes.com\/index.php?rest_route=%2Fwp%2Fv2%2Fcomments&post=49663"}],"version-history":[{"count":1,"href":"https:\/\/2horizontes.com\/index.php?rest_route=\/wp\/v2\/posts\/49663\/revisions"}],"predecessor-version":[{"id":49665,"href":"https:\/\/2horizontes.com\/index.php?rest_route=\/wp\/v2\/posts\/49663\/revisions\/49665"}],"wp:featuredmedia":[{"embeddable":true,"href":"https:\/\/2horizontes.com\/index.php?rest_route=\/wp\/v2\/media\/49664"}],"wp:attachment":[{"href":"https:\/\/2horizontes.com\/index.php?rest_route=%2Fwp%2Fv2%2Fmedia&parent=49663"}],"wp:term":[{"taxonomy":"category","embeddable":true,"href":"https:\/\/2horizontes.com\/index.php?rest_route=%2Fwp%2Fv2%2Fcategories&post=49663"},{"taxonomy":"post_tag","embeddable":true,"href":"https:\/\/2horizontes.com\/index.php?rest_route=%2Fwp%2Fv2%2Ftags&post=49663"}],"curies":[{"name":"wp","href":"https:\/\/api.w.org\/{rel}","templated":true}]}}