{"id":49597,"date":"2016-05-08T01:44:33","date_gmt":"2016-05-08T00:44:33","guid":{"rendered":"http:\/\/2horizontes.com\/?p=49597"},"modified":"2016-05-08T01:44:33","modified_gmt":"2016-05-08T00:44:33","slug":"presidente-evo-morales-perdio-demanda-contra-su-expareja","status":"publish","type":"post","link":"https:\/\/2horizontes.com\/?p=49597","title":{"rendered":"Presidente Evo Morales perdi\u00f3 demanda contra su expareja"},"content":{"rendered":"<p>La boliviana Gabriela Zapata, expareja del presidente Evo Morales, proclam\u00f3 su \u00abprimera victoria\u00bb legal contra el mandatario cerca de la medianoche pasada, tras una audiencia en la que una jueza declar\u00f3 \u00abimprobada\u00bb una demanda presentada por el gobernante sobre el supuesto hijo de ambos.<\/p>\n<p>\u00abHoy es mi primera victoria. La demanda que ha presentado el se\u00f1or presidente contra mi persona ha salido improbada. Yo no he ejercido violencia sobre mi ni\u00f1o\u00bb, sostuvo Zapata a los medios al salir del juzgado casi a la medianoche, tras ocho horas de debate.<\/p>\n<p>La jueza Jacqueline Rada declar\u00f3 \u00abimprobada\u00bb la denuncia de Morales contra Zapata de que somete al ni\u00f1o a \u00abviolencia psicol\u00f3gica\u00bb al haberle negado el contacto con su padre durante varios a\u00f1os, si es que el menor efectivamente est\u00e1 con vida.<\/p>\n<p>Al final de la audiencia, Zapata y sus defensores informaron sobre el fallo, mientras que el abogado del mandatario, Gast\u00f3n Vel\u00e1squez, afirm\u00f3 que apelar\u00e1 la decisi\u00f3n judicial e insisti\u00f3 en que todav\u00eda no hay pruebas de la existencia del ni\u00f1o.<\/p>\n<p>Morales present\u00f3 la demanda contra Zapata a inicios de marzo con el objetivo de forzarla a presentar al menor en cinco d\u00edas, ya que \u00e9l cre\u00eda que el ni\u00f1o hab\u00eda muerto por enfermedad tras nacer en 2007.<\/p>\n<p>El caso se desarrolla de forma compleja y confusa a punto de que, pese a que la Justicia analiza en secreto el asunto desde hace m\u00e1s de dos meses, las partes se contradicen a diario sobre el menor.<\/p>\n<p>Zapata dijo que el menor fue presentado ante la jueza pero los abogados de Morales creen que ese no era hijo de Morales.<\/p>\n<p>Anoche, Zapata tambi\u00e9n sostuvo que presentar\u00e1 una contra demanda para negarle la paternidad al gobernante y para ello s\u00ed someter\u00e1 ahora a su hijo a una prueba de ADN.<\/p>\n<p>Al contrario, el abogado Vel\u00e1squez afirm\u00f3 que la jueza y el presidente Morales \u00abhan sido objeto de burla\u00bb por parte de Zapata.<\/p>\n<p>Relat\u00f3 que en la audiencia se ha da\u00f1ado la dignidad del mandatario porque todos hablan de \u00e9l como \u00abun padre irresponsable, lo cual es totalmente falso\u00bb.<\/p>\n<p>Argument\u00f3 que Zapata en realidad nunca present\u00f3 al menor para que asista al desarrollo del juicio ni para que sea evaluado psicol\u00f3gica y socialmente por lo que existe una \u00abduda razonable\u00bb al respecto.<\/p>\n<p>\u00abHa habido una cadena de falsedad en el proceso y seg\u00fan informes no hay reportes del ni\u00f1o\u00bb, sostuvo Vel\u00e1squez.<\/p>\n<p>Morales ya se someti\u00f3 a una prueba de ADN el pasado 25 abril pero result\u00f3 in\u00fatil porque la mujer rechaz\u00f3 hacer lo mismo y se neg\u00f3 entonces a que se haga el examen al supuesto hijo de ambos.<\/p>\n<p>A mediados de marzo, Morales pidi\u00f3 a la prensa que \u00abnunca m\u00e1s\u00bb le pregunten sobre ese tema al estar el asunto en manos de la justicia.<\/p>\n<p>El caso estall\u00f3 a principios de febrero pasado cuando un periodista revel\u00f3 la relaci\u00f3n de Morales y Zapata y los acus\u00f3 de tr\u00e1fico de influencias para favorecer con contratos millonarios a la constructora china Camce, donde ella era gerente comercial.<\/p>\n<p>El caso golpe\u00f3 la campa\u00f1a del presidente d\u00edas antes del referendo constitucional del 21 de febrero con el que buscaba apoyo para una reforma que le permita aspirar a un cuarto mandato en 2019, pero la mayor\u00eda de los bolivianos vet\u00f3 su intento de continuar.<\/p>\n","protected":false},"excerpt":{"rendered":"<p>La boliviana Gabriela Zapata, expareja del presidente Evo Morales, proclam\u00f3 su \u00abprimera victoria\u00bb legal contra el mandatario cerca de la medianoche pasada, tras una audiencia en la que una jueza declar\u00f3 \u00abimprobada\u00bb una demanda presentada por el gobernante sobre el supuesto hijo de ambos. \u00abHoy es mi primera victoria. La demanda que ha presentado el [&hellip;]<\/p>\n","protected":false},"author":13240,"featured_media":49600,"comment_status":"open","ping_status":"open","sticky":false,"template":"","format":"standard","meta":{"footnotes":""},"categories":[40,43],"tags":[],"class_list":["post-49597","post","type-post","status-publish","format-standard","has-post-thumbnail","hentry","category-internacionales","category-politica"],"_links":{"self":[{"href":"https:\/\/2horizontes.com\/index.php?rest_route=\/wp\/v2\/posts\/49597","targetHints":{"allow":["GET"]}}],"collection":[{"href":"https:\/\/2horizontes.com\/index.php?rest_route=\/wp\/v2\/posts"}],"about":[{"href":"https:\/\/2horizontes.com\/index.php?rest_route=\/wp\/v2\/types\/post"}],"author":[{"embeddable":true,"href":"https:\/\/2horizontes.com\/index.php?rest_route=\/wp\/v2\/users\/13240"}],"replies":[{"embeddable":true,"href":"https:\/\/2horizontes.com\/index.php?rest_route=%2Fwp%2Fv2%2Fcomments&post=49597"}],"version-history":[{"count":1,"href":"https:\/\/2horizontes.com\/index.php?rest_route=\/wp\/v2\/posts\/49597\/revisions"}],"predecessor-version":[{"id":49604,"href":"https:\/\/2horizontes.com\/index.php?rest_route=\/wp\/v2\/posts\/49597\/revisions\/49604"}],"wp:featuredmedia":[{"embeddable":true,"href":"https:\/\/2horizontes.com\/index.php?rest_route=\/wp\/v2\/media\/49600"}],"wp:attachment":[{"href":"https:\/\/2horizontes.com\/index.php?rest_route=%2Fwp%2Fv2%2Fmedia&parent=49597"}],"wp:term":[{"taxonomy":"category","embeddable":true,"href":"https:\/\/2horizontes.com\/index.php?rest_route=%2Fwp%2Fv2%2Fcategories&post=49597"},{"taxonomy":"post_tag","embeddable":true,"href":"https:\/\/2horizontes.com\/index.php?rest_route=%2Fwp%2Fv2%2Ftags&post=49597"}],"curies":[{"name":"wp","href":"https:\/\/api.w.org\/{rel}","templated":true}]}}