{"id":4954,"date":"2015-04-10T20:57:07","date_gmt":"2015-04-10T20:57:07","guid":{"rendered":"http:\/\/2horizontes.com\/?p=4954"},"modified":"2015-04-10T22:51:22","modified_gmt":"2015-04-10T22:51:22","slug":"restos-de-un-campamento-de-neandertales-hallados-en-el-prepirineo","status":"publish","type":"post","link":"https:\/\/2horizontes.com\/?p=4954","title":{"rendered":"Restos de un campamento de neandertales hallados en el Prepirineo"},"content":{"rendered":"<p><a href=\"http:\/\/2horizontes.com\/wp-content\/uploads\/2015\/04\/excavaciones.jpg\"><img loading=\"lazy\" decoding=\"async\" class=\" size-medium wp-image-4893 alignleft\" src=\"http:\/\/2horizontes.com\/wp-content\/uploads\/2015\/04\/excavaciones-300x200.jpg\" alt=\"excavaciones\" width=\"300\" height=\"200\" srcset=\"https:\/\/2horizontes.com\/wp-content\/uploads\/2015\/04\/excavaciones-300x200.jpg 300w, https:\/\/2horizontes.com\/wp-content\/uploads\/2015\/04\/excavaciones-510x340.jpg 510w, https:\/\/2horizontes.com\/wp-content\/uploads\/2015\/04\/excavaciones.jpg 560w\" sizes=\"auto, (max-width: 300px) 100vw, 300px\" \/><\/a><\/p>\n<p>Lleida.-Restos l\u00edticos y huesos de animales del Pleistoceno, de hace 200.000 a\u00f1os, hallados ante la entrada de la Cueva de les Llenes, en el municipio de Conca de Dalt (Lleida), en el Prepirineo, evidencian la existencia de un campamento de neandertales que acud\u00edan a la zona para cazar.<\/p>\n<p>En el lugar, adem\u00e1s de instrumentos de piedra que usaban los neandertales, han sido hallados restos de huesos de osos, lobos, megaloceros (una especie de ciervo gigante extinguida), zorros o rinocerontes.<\/p>\n<p>Una veintena de investigadores del Insituto Catal\u00e1n de Paleoecolog\u00eda Humana y Evoluci\u00f3n Social\u00a0(IPHES) y de la Universidad Rovira Virgili (URV) de Tarragona finalizar\u00e1n ma\u00f1ana la segunda campa\u00f1a de excavaci\u00f3n en esta cueva, donde, seg\u00fan el IPHES, han obtenido \u00abresultados muy positivos para entender la din\u00e1mica de la poblaci\u00f3n neandertal en este territorio hace 200.000 a\u00f1os\u00bb.<\/p>\n<p>Los paleont\u00f3logos han estado excavando desde el pasado 30 de marzo con el fin de recuperar restos de las actividades neandertales en esta cueva prepirenaica habitada en el Pleistoceno.<\/p>\n<p>Seg\u00fan ha informado el IPHES, las excavaciones han permitido constatar visitas continuadas de grupos neandertales probablemente relacionadas con la cacer\u00eda de animales que viv\u00edan en los alrededores de la cueva como el tar (Hemitragus bonali), una especie de oveja salvaje extinguida en Europa occidental hace 100.000 a\u00f1os. Junto con estos animales han aparecido restos de otros ungulados como ciervos, uros, corzos, rinocerontes y megaloceros.<\/p>\n<p>Los campamentos de los neandertales, situados b\u00e1sicamente en la entrada de la cavidad, han podido ser reconocidos por la presencia abundante de herramientas l\u00edticas fabricadas con piedras locales procedentes del cauce del r\u00edo Flamisell. Seg\u00fan los paleont\u00f3logos, sus caracter\u00edsticas tecnol\u00f3gicas encajan con la industria t\u00edpica neandertal llamada &#8216;levallois&#8217; y &#8216;discoide&#8217;.<\/p>\n<p>Los investigadores han concluido que la din\u00e1mica natural de la cueva est\u00e1 relacionada con madrigueras de carn\u00edvoros, principalmente hienas y leopardos, aunque se han encontrado restos de lobos, zorros y tejones.<\/p>\n<p>Pero el principal protagonista de la cavidad es el oso de las cavernas, que frecuentaba la cueva con asiduidad para hibernar, tal y como demuestra la gran cantidad de restos de este animal que los paleont\u00f3logos han recuperado del fondo de la cueva, asociadas a ara\u00f1azos en las paredes y en osarios (nidos de hibernaci\u00f3n).<\/p>\n<p>Seg\u00fan el IPHES, los trabajos que se han efectuado en la Cueva de las Llenes permitir\u00e1n contextualizar otros yacimientos que se han localizado en la misma zona y que por sus caracter\u00edsticas no han permitido conservar elementos de la fauna.<\/p>\n<p>Est\u00e1 previsto continuar los trabajos no solo en esta cueva, sino en otras cavidades del desfiladero de Eriny\u00e0 para llevar a cabo un proyecto territorial que permita estudiar el comportamiento neandertal en todo este territorio y las relaciones de estos hom\u00ednidos con los grandes carn\u00edvoros.<\/p>\n","protected":false},"excerpt":{"rendered":"<p>Lleida.-Restos l\u00edticos y huesos de animales del Pleistoceno, de hace 200.000 a\u00f1os, hallados ante la entrada de la Cueva de les Llenes, en el municipio de Conca de Dalt (Lleida), en el Prepirineo, evidencian la existencia de un campamento de neandertales que acud\u00edan a la zona para cazar. En el lugar, adem\u00e1s de instrumentos de [&hellip;]<\/p>\n","protected":false},"author":2,"featured_media":4893,"comment_status":"open","ping_status":"open","sticky":false,"template":"","format":"standard","meta":{"footnotes":""},"categories":[62],"tags":[],"class_list":["post-4954","post","type-post","status-publish","format-standard","has-post-thumbnail","hentry","category-cultura"],"_links":{"self":[{"href":"https:\/\/2horizontes.com\/index.php?rest_route=\/wp\/v2\/posts\/4954","targetHints":{"allow":["GET"]}}],"collection":[{"href":"https:\/\/2horizontes.com\/index.php?rest_route=\/wp\/v2\/posts"}],"about":[{"href":"https:\/\/2horizontes.com\/index.php?rest_route=\/wp\/v2\/types\/post"}],"author":[{"embeddable":true,"href":"https:\/\/2horizontes.com\/index.php?rest_route=\/wp\/v2\/users\/2"}],"replies":[{"embeddable":true,"href":"https:\/\/2horizontes.com\/index.php?rest_route=%2Fwp%2Fv2%2Fcomments&post=4954"}],"version-history":[{"count":2,"href":"https:\/\/2horizontes.com\/index.php?rest_route=\/wp\/v2\/posts\/4954\/revisions"}],"predecessor-version":[{"id":4956,"href":"https:\/\/2horizontes.com\/index.php?rest_route=\/wp\/v2\/posts\/4954\/revisions\/4956"}],"wp:featuredmedia":[{"embeddable":true,"href":"https:\/\/2horizontes.com\/index.php?rest_route=\/wp\/v2\/media\/4893"}],"wp:attachment":[{"href":"https:\/\/2horizontes.com\/index.php?rest_route=%2Fwp%2Fv2%2Fmedia&parent=4954"}],"wp:term":[{"taxonomy":"category","embeddable":true,"href":"https:\/\/2horizontes.com\/index.php?rest_route=%2Fwp%2Fv2%2Fcategories&post=4954"},{"taxonomy":"post_tag","embeddable":true,"href":"https:\/\/2horizontes.com\/index.php?rest_route=%2Fwp%2Fv2%2Ftags&post=4954"}],"curies":[{"name":"wp","href":"https:\/\/api.w.org\/{rel}","templated":true}]}}