{"id":4950,"date":"2015-04-10T20:53:35","date_gmt":"2015-04-10T20:53:35","guid":{"rendered":"http:\/\/2horizontes.com\/?p=4950"},"modified":"2015-04-10T20:53:35","modified_gmt":"2015-04-10T20:53:35","slug":"presidente-medina-somos-un-pais-pobre-que-no-puede-asumir-dos-pueblos","status":"publish","type":"post","link":"https:\/\/2horizontes.com\/?p=4950","title":{"rendered":"Presidente Medina: somos un pa\u00eds pobre que no puede asumir dos pueblos"},"content":{"rendered":"<p><a href=\"http:\/\/2horizontes.com\/wp-content\/uploads\/2015\/04\/danilo.jpeg\"><img loading=\"lazy\" decoding=\"async\" class=\"alignleft size-medium wp-image-4951\" src=\"http:\/\/2horizontes.com\/wp-content\/uploads\/2015\/04\/danilo-300x155.jpeg\" alt=\"danilo\" width=\"300\" height=\"155\" srcset=\"https:\/\/2horizontes.com\/wp-content\/uploads\/2015\/04\/danilo-300x155.jpeg 300w, https:\/\/2horizontes.com\/wp-content\/uploads\/2015\/04\/danilo.jpeg 330w\" sizes=\"auto, (max-width: 300px) 100vw, 300px\" \/><\/a><\/p>\n<p>El presidente Danilo Medina sostuvo hoy una reuni\u00f3n bilateral con el secretario general de la Organizaci\u00f3n de las Naciones Unidas (ONU) Ban Ki-moon, con quien habl\u00f3 de varios temas entre ellos migraci\u00f3n y educaci\u00f3n.<!--more--><\/p>\n<p>Ban Ki-moon mostr\u00f3 preocupaci\u00f3n sobre el estado de los extranjeros ilegales en el pa\u00eds despu\u00e9s del 15 de junio una vez que culmine el Plan de Regularizaci\u00f3n.<\/p>\n<p>En ese sentido, el presidente Medina explic\u00f3 con firmeza todo el proceso agotado y el inter\u00e9s del pa\u00eds en ordenar y regularizar la presencia de extranjeros en el territorio nacional, seg\u00fan inform\u00f3 en un comunicado la Direcci\u00f3n de Prensa de la Presidencia.<\/p>\n<p>El mandatario afirm\u00f3 que todos deben hacerlo para cumplir con el ordenamiento jur\u00eddico y garantizar el respeto a los derechos, no solo de nuestros ciudadanos, sino adem\u00e1s de los extranjeros.<\/p>\n<p>\u201cRep\u00fablica Dominicana ha hecho todo lo humanamente posible para garantizar los derechos de los extranjeros en situaci\u00f3n migratoria irregular en el territorio nacional\u201d, enfatiz\u00f3 el presidente Danilo Medina, recordando que ya se han votado dos leyes y que no puede dar m\u00e1s pr\u00f3rrogas.<\/p>\n<p>De acuerdo al comunicado, el jefe de Estado dominicano consider\u00f3 que la comunidad internacional tiene que entender que Rep\u00fablica Dominicana es un pueblo pobre y no puede asumir a otro.<\/p>\n<p>Plante\u00f3 que la comunidad internacional debe hacer todos los esfuerzos para que al 15 de junio Hait\u00ed haya dotado de la documentaci\u00f3n necesaria a todos sus nacionales.<\/p>\n<p>Reiter\u00f3 que despu\u00e9s del 15 de junio el gobierno dominicano actuar\u00e1 con la prudencia y humanidad que le caracteriza.<\/p>\n<p>Adem\u00e1s Ban Ki-moon dijo que invitar\u00eda al gobernante en septiembre pr\u00f3ximo a compartir la experiencia en Naciones Unidas porque le parece que algunos aspectos de la pol\u00edtica educativa de Rep\u00fablica Dominicana pueden ser replicadas y servir de modelo a otros pa\u00edses.<\/p>\n","protected":false},"excerpt":{"rendered":"<p>El presidente Danilo Medina sostuvo hoy una reuni\u00f3n bilateral con el secretario general de la Organizaci\u00f3n de las Naciones Unidas (ONU) Ban Ki-moon, con quien habl\u00f3 de varios temas entre ellos migraci\u00f3n y educaci\u00f3n.<\/p>\n","protected":false},"author":1,"featured_media":4951,"comment_status":"open","ping_status":"open","sticky":false,"template":"","format":"standard","meta":{"footnotes":""},"categories":[43,44],"tags":[],"class_list":["post-4950","post","type-post","status-publish","format-standard","has-post-thumbnail","hentry","category-politica","category-republica-dominicana"],"_links":{"self":[{"href":"https:\/\/2horizontes.com\/index.php?rest_route=\/wp\/v2\/posts\/4950","targetHints":{"allow":["GET"]}}],"collection":[{"href":"https:\/\/2horizontes.com\/index.php?rest_route=\/wp\/v2\/posts"}],"about":[{"href":"https:\/\/2horizontes.com\/index.php?rest_route=\/wp\/v2\/types\/post"}],"author":[{"embeddable":true,"href":"https:\/\/2horizontes.com\/index.php?rest_route=\/wp\/v2\/users\/1"}],"replies":[{"embeddable":true,"href":"https:\/\/2horizontes.com\/index.php?rest_route=%2Fwp%2Fv2%2Fcomments&post=4950"}],"version-history":[{"count":1,"href":"https:\/\/2horizontes.com\/index.php?rest_route=\/wp\/v2\/posts\/4950\/revisions"}],"predecessor-version":[{"id":4953,"href":"https:\/\/2horizontes.com\/index.php?rest_route=\/wp\/v2\/posts\/4950\/revisions\/4953"}],"wp:featuredmedia":[{"embeddable":true,"href":"https:\/\/2horizontes.com\/index.php?rest_route=\/wp\/v2\/media\/4951"}],"wp:attachment":[{"href":"https:\/\/2horizontes.com\/index.php?rest_route=%2Fwp%2Fv2%2Fmedia&parent=4950"}],"wp:term":[{"taxonomy":"category","embeddable":true,"href":"https:\/\/2horizontes.com\/index.php?rest_route=%2Fwp%2Fv2%2Fcategories&post=4950"},{"taxonomy":"post_tag","embeddable":true,"href":"https:\/\/2horizontes.com\/index.php?rest_route=%2Fwp%2Fv2%2Ftags&post=4950"}],"curies":[{"name":"wp","href":"https:\/\/api.w.org\/{rel}","templated":true}]}}