{"id":49454,"date":"2016-05-06T09:34:27","date_gmt":"2016-05-06T08:34:27","guid":{"rendered":"http:\/\/2horizontes.com\/?p=49454"},"modified":"2016-05-06T09:34:27","modified_gmt":"2016-05-06T08:34:27","slug":"piden-soluciones-integrales-y-mas-ayuda-contra-el-zika-dengue-y-chikunguna","status":"publish","type":"post","link":"https:\/\/2horizontes.com\/?p=49454","title":{"rendered":"Piden soluciones integrales y m\u00e1s ayuda contra el zika, dengue y chikungu\u00f1a"},"content":{"rendered":"<div id=\"ArticleAuthorDiv\" class=\"article-body-author\"><b>EFE<\/b><\/div>\n<div id=\"ArticleSourceDiv\" class=\"article-body-author\"><b>Tegucigalpa<\/b><\/div>\n<div id=\"ArticleBody\">\n<p>La lucha contra el zika, dengue y chikungu\u00f1a en Am\u00e9rica Latina es complicada porque no existen vacunas, por lo que requiere soluciones integrales y m\u00e1s cooperaci\u00f3n internacional, alertaron ayer expertos sanitarios en Honduras, donde las tres enfermedades afectan a m\u00e1s de 35.000 personas.<\/p>\n<p>En declaraciones a Efe, el secretario ejecutivo del Consejo de Ministros de Salud de Centroam\u00e9rica y la Rep\u00fablica Dominicana (Comisca), Julio Vald\u00e9s, alert\u00f3 sobre la creciente incidencia de estas enfermedades en la regi\u00f3n, aunque no precis\u00f3 cifras.<\/p>\n<p>\u00abHay una incidencia permanente en la regi\u00f3n\u00bb de casos de zika, dengue y chikungu\u00f1a, dijo el costarricense, aunque destac\u00f3 que tambi\u00e9n existen \u00abmuchas acciones\u00bb para su combate.<\/p>\n<p>Vald\u00e9s es uno de los participantes en el I Simposio Internacional sobre zika, dengue y chikungu\u00f1a, inaugurado hoy en Tegucigalpa y dedicado entre otros asuntos a analizar la propagaci\u00f3n de estas tres enfermedades, transmitidas por el mosquito Aedes aegypti.<\/p>\n<p>La reuni\u00f3n es organizada por el Ministerio de Salud de Honduras, la Universidad Nacional Aut\u00f3noma de este pa\u00eds y la embajada de Francia.<\/p>\n<p>El mosquito Aedes aegypti es un adversario poderoso que solo puede ser derrotado desde una \u00abperspectiva regional\u00bb, subray\u00f3 el secretario ejecutivo del Comisca.<\/p>\n<p>\u00abSe requiere, en principio, de un accionar nacional, es decir, las responsabilidades de los Estados\u00bb, pero tambi\u00e9n se necesita una \u00abperspectiva regional\u00bb para contribuir a \u00abpotenciar\u00bb las acciones nacionales, se\u00f1al\u00f3.<\/p>\n<p>Estos virus tropicales fueron descubiertos hace d\u00e9cadas pero en los \u00faltimos a\u00f1os llegaron a otros continentes, como Am\u00e9rica, por el aumento de la temperatura del planeta debido al cambio clim\u00e1tico o por la inmigraci\u00f3n, declar\u00f3.<\/p>\n<p>La propagaci\u00f3n de estas enfermedades \u00abson problemas que van mucho m\u00e1s all\u00e1 de lo estructural, tiene que ver con el cambio clim\u00e1tico (&#8230;), condiciones de vivienda y problemas migratorios\u00bb, subray\u00f3 Vald\u00e9s.<\/p>\n<p>Seg\u00fan el secretario ejecutivo del Comisca, la regi\u00f3n impulsa una \u00abcampa\u00f1a intensificada\u00bb para eliminar el mosquito trasmisor de estos virus, aunque reconoci\u00f3 que \u00ablos recursos se agotan\u00bb.<\/p>\n<p>Es por ello que el alto funcionario apunt\u00f3 que Latinoam\u00e9rica, especialmente Centroam\u00e9rica y Rep\u00fablica Dominicana, requieren de m\u00e1s cooperaci\u00f3n internacional para combatir las tres enfermedades.<\/p>\n<p>Agreg\u00f3 que la lucha contra estos virus necesita adem\u00e1s una \u00abmirada integral, pero intersectorial\u00bb, ya que eliminar el mosquito transmisor no solo es responsabilidad de los Gobiernos, sino tambi\u00e9n de la poblaci\u00f3n.<\/p>\n<p>\u00abSi no se eliminan los criaderos vamos a seguir teniendo la presencia del mosquito transmisor\u00bb, dijo Vald\u00e9s, quien llam\u00f3 a fortalecer las capacidades del recurso humano.<\/p>\n<p>El embajador de Francia en Honduras, Pierre Christian Soccoja, dijo en el evento que las tres enfermedades representan \u00abun gran desaf\u00edo\u00bb para la salud p\u00fablica, por lo que abog\u00f3 por encontrar \u00absoluciones\u00bb para prevenir el contagio y frenar el avance de los virus.<\/p>\n<p>\u00abEs necesario implementar soluciones intersectoriales (&#8230;), tanto a nivel de prevenci\u00f3n e inmunizaci\u00f3n\u00bb, subray\u00f3 el diplom\u00e1tico.<\/p>\n<p>En el caso del virus del Zika circula actualmente en gran parte de pa\u00edses de Latinoam\u00e9rica y el Caribe y, si bien causa s\u00edntomas leves entre la mayor parte de infectados, el gran temor tiene que ver con su relaci\u00f3n con casos de beb\u00e9s nacidos con microcefalia y el s\u00edndrome de Guillain Barr\u00e9, una rara condici\u00f3n neurol\u00f3gica.<\/p>\n<p>John England, especialista de la Federaci\u00f3n Mundial de Neurolog\u00eda, dijo a Efe que el zika, un virus originario de \u00c1frica, causa microcefalia y otros defectos cerebrales cong\u00e9nitos en beb\u00e9s de madres contagiadas.<\/p>\n<p>\u00abAhora sabemos como un hecho cient\u00edfico que el virus del Zika infecta el cerebro del ni\u00f1o que se esta formando\u00bb, subray\u00f3 el especialista.<\/p>\n<p>Se\u00f1al\u00f3 que si bien las mujeres embarazadas infectadas con zika tienen riesgo de tener beb\u00e9s con defectos cerebrales, no todas ellas dar\u00e1n a luz a beb\u00e9s con microcefalia o problemas cong\u00e9nitos.<\/p>\n<p>El especialista apunt\u00f3 que se podr\u00eda esperar una vacuna eficaz dentro de dos o tres a\u00f1os, pero asegur\u00f3 que la prevenci\u00f3n es la mejor arma para evitar la picadura del mosquito.<\/p>\n<p>El viceministro hondure\u00f1o de Salud, Francis Contreras, dijo a Efe que la regi\u00f3n requiere una \u00abestrategia unificada\u00bb que permita combatir el zika, dengue y chikungu\u00f1a.<\/p>\n<p>Las enfermedades \u00abno tienen fronteras (&#8230;), no piden visa, ni pasaporte, no hacen aduana\u00bb y, por tanto, para combatir \u00abenfermedades comunes en territorios comunes debemos tener estrategias unificadas\u00bb, enfatiz\u00f3 Contreras.<\/p>\n<p>La Secretar\u00eda de Salud de Honduras registra en lo que va de 2016, globalmente, 35.500 personas que han contra\u00eddo zika, chikungu\u00f1a o dengue.<\/p>\n<\/div>\n","protected":false},"excerpt":{"rendered":"<p>EFE Tegucigalpa La lucha contra el zika, dengue y chikungu\u00f1a en Am\u00e9rica Latina es complicada porque no existen vacunas, por lo que requiere soluciones integrales y m\u00e1s cooperaci\u00f3n internacional, alertaron ayer expertos sanitarios en Honduras, donde las tres enfermedades afectan a m\u00e1s de 35.000 personas. En declaraciones a Efe, el secretario ejecutivo del Consejo de [&hellip;]<\/p>\n","protected":false},"author":7,"featured_media":49456,"comment_status":"open","ping_status":"open","sticky":false,"template":"","format":"standard","meta":{"footnotes":""},"categories":[40,45],"tags":[],"class_list":["post-49454","post","type-post","status-publish","format-standard","has-post-thumbnail","hentry","category-internacionales","category-salud"],"_links":{"self":[{"href":"https:\/\/2horizontes.com\/index.php?rest_route=\/wp\/v2\/posts\/49454","targetHints":{"allow":["GET"]}}],"collection":[{"href":"https:\/\/2horizontes.com\/index.php?rest_route=\/wp\/v2\/posts"}],"about":[{"href":"https:\/\/2horizontes.com\/index.php?rest_route=\/wp\/v2\/types\/post"}],"author":[{"embeddable":true,"href":"https:\/\/2horizontes.com\/index.php?rest_route=\/wp\/v2\/users\/7"}],"replies":[{"embeddable":true,"href":"https:\/\/2horizontes.com\/index.php?rest_route=%2Fwp%2Fv2%2Fcomments&post=49454"}],"version-history":[{"count":1,"href":"https:\/\/2horizontes.com\/index.php?rest_route=\/wp\/v2\/posts\/49454\/revisions"}],"predecessor-version":[{"id":49457,"href":"https:\/\/2horizontes.com\/index.php?rest_route=\/wp\/v2\/posts\/49454\/revisions\/49457"}],"wp:featuredmedia":[{"embeddable":true,"href":"https:\/\/2horizontes.com\/index.php?rest_route=\/wp\/v2\/media\/49456"}],"wp:attachment":[{"href":"https:\/\/2horizontes.com\/index.php?rest_route=%2Fwp%2Fv2%2Fmedia&parent=49454"}],"wp:term":[{"taxonomy":"category","embeddable":true,"href":"https:\/\/2horizontes.com\/index.php?rest_route=%2Fwp%2Fv2%2Fcategories&post=49454"},{"taxonomy":"post_tag","embeddable":true,"href":"https:\/\/2horizontes.com\/index.php?rest_route=%2Fwp%2Fv2%2Ftags&post=49454"}],"curies":[{"name":"wp","href":"https:\/\/api.w.org\/{rel}","templated":true}]}}