{"id":49451,"date":"2016-05-06T09:30:25","date_gmt":"2016-05-06T08:30:25","guid":{"rendered":"http:\/\/2horizontes.com\/?p=49451"},"modified":"2016-05-06T09:35:03","modified_gmt":"2016-05-06T08:35:03","slug":"colombia-declara-en-emergencia-casi-la-mitad-de-las-carceles-del-pais","status":"publish","type":"post","link":"https:\/\/2horizontes.com\/?p=49451","title":{"rendered":"Colombia declara en emergencia casi la mitad de las c\u00e1rceles del pa\u00eds"},"content":{"rendered":"<div id=\"ArticleAuthorDiv\" class=\"article-body-author\"><b>AFP<\/b><\/div>\n<div id=\"ArticleSourceDiv\" class=\"article-body-author\"><b>Bogot\u00e1<\/b><\/div>\n<div id=\"ArticleBody\">\n<p>Colombia declar\u00f3 ayer en emergencia 74 c\u00e1rceles, casi la mitad de las que tiene el pa\u00eds, en las que no hay servicio de salud y donde la poblaci\u00f3n reclusa debe ser atendida de \u00aburgencia\u00bb, inform\u00f3 el Ministerio de Justicia.<\/p>\n<p>\u00abEsta declaratoria de emergencia carcelaria (&#8230;) es fundamental en cuanto que en este momento muchos centros de reclusi\u00f3n tienen problemas de salud y lo que est\u00e1 en juego son vidas humanas\u00bb, dijo a periodistas el titular de la cartera, Jorge Londo\u00f1o.<\/p>\n<p>El ministro consider\u00f3 \u00abdatos preocupantes\u00bb que \u00aben 74 centros carcelarios no hay un servicio de salud\u00bb.<\/p>\n<p>Hasta diciembre de este a\u00f1o, equipos de asistencia m\u00e9dica reforzar\u00e1n los servicios sanitarios de esas c\u00e1rceles, donde se rehabilitar\u00e1n las \u00e1reas de atenci\u00f3n m\u00e9dica.<\/p>\n<p>\u00abEl problema de fondo es c\u00f3mo vamos a solucionar el problema de la salud y qu\u00e9 sistema vamos a aplicar en estos establecimientos carcelarios\u00bb, agreg\u00f3 Londo\u00f1o.<\/p>\n<p>Con este plan, se atender\u00e1n \u00abprioritariamente\u00bb a internos con VIH (611), c\u00e1ncer (89), diabetes insulinodependientes (1.112), EPOC (188) y psiqui\u00e1tricos (2.884), seg\u00fan cifras publicadas en un comunicado del Ministerio.<\/p>\n<p>En Colombia, existe un m\u00e9dico por cada 496 reclusos y 55% de las c\u00e1rceles no tienen acceso suficiente a medicamentos y 88% no aplica protocolos para la recolecci\u00f3n de residuos hospitalarios, seg\u00fan datos de la Defensor\u00eda del Pueblo, que tild\u00f3 de \u00abinsuficiente\u00bb la medida.<\/p>\n<p>Para el Comit\u00e9 Internacional de la Cruz Roja (CICR), la \u00abdif\u00edcil situaci\u00f3n humanitaria\u00bb en las c\u00e1rceles de Colombia se remonta a a\u00f1os atr\u00e1s. Superar la crisis del sistema penitenciario es uno de los retos para 2016 que el organismo destac\u00f3 en su \u00faltimo informe anual sobre derechos humanos en el pa\u00eds.<\/p>\n<p>\u00abEl solo hecho de salir del patio donde se encuentran recluidos para ir a ver a un m\u00e9dico suele ser una odisea, pues deben arregl\u00e1rselas para ser incluidos en una corta lista por la que compiten con los dem\u00e1s internos\u00bb, afirm\u00f3 la Cruz Roja en ese texto.<\/p>\n<p>Las 134 c\u00e1rceles de Colombia tienen capacidad para unas 80.000 personas, pero su poblaci\u00f3n supera los 120.000, seg\u00fan los datos del CICR.<\/p>\n<\/div>\n","protected":false},"excerpt":{"rendered":"<p>AFP Bogot\u00e1 Colombia declar\u00f3 ayer en emergencia 74 c\u00e1rceles, casi la mitad de las que tiene el pa\u00eds, en las que no hay servicio de salud y donde la poblaci\u00f3n reclusa debe ser atendida de \u00aburgencia\u00bb, inform\u00f3 el Ministerio de Justicia. \u00abEsta declaratoria de emergencia carcelaria (&#8230;) es fundamental en cuanto que en este momento [&hellip;]<\/p>\n","protected":false},"author":7,"featured_media":49452,"comment_status":"open","ping_status":"open","sticky":false,"template":"","format":"standard","meta":{"footnotes":""},"categories":[50,40],"tags":[],"class_list":["post-49451","post","type-post","status-publish","format-standard","has-post-thumbnail","hentry","category-colombia","category-internacionales"],"_links":{"self":[{"href":"https:\/\/2horizontes.com\/index.php?rest_route=\/wp\/v2\/posts\/49451","targetHints":{"allow":["GET"]}}],"collection":[{"href":"https:\/\/2horizontes.com\/index.php?rest_route=\/wp\/v2\/posts"}],"about":[{"href":"https:\/\/2horizontes.com\/index.php?rest_route=\/wp\/v2\/types\/post"}],"author":[{"embeddable":true,"href":"https:\/\/2horizontes.com\/index.php?rest_route=\/wp\/v2\/users\/7"}],"replies":[{"embeddable":true,"href":"https:\/\/2horizontes.com\/index.php?rest_route=%2Fwp%2Fv2%2Fcomments&post=49451"}],"version-history":[{"count":1,"href":"https:\/\/2horizontes.com\/index.php?rest_route=\/wp\/v2\/posts\/49451\/revisions"}],"predecessor-version":[{"id":49453,"href":"https:\/\/2horizontes.com\/index.php?rest_route=\/wp\/v2\/posts\/49451\/revisions\/49453"}],"wp:featuredmedia":[{"embeddable":true,"href":"https:\/\/2horizontes.com\/index.php?rest_route=\/wp\/v2\/media\/49452"}],"wp:attachment":[{"href":"https:\/\/2horizontes.com\/index.php?rest_route=%2Fwp%2Fv2%2Fmedia&parent=49451"}],"wp:term":[{"taxonomy":"category","embeddable":true,"href":"https:\/\/2horizontes.com\/index.php?rest_route=%2Fwp%2Fv2%2Fcategories&post=49451"},{"taxonomy":"post_tag","embeddable":true,"href":"https:\/\/2horizontes.com\/index.php?rest_route=%2Fwp%2Fv2%2Ftags&post=49451"}],"curies":[{"name":"wp","href":"https:\/\/api.w.org\/{rel}","templated":true}]}}