{"id":49447,"date":"2016-05-06T09:25:47","date_gmt":"2016-05-06T08:25:47","guid":{"rendered":"http:\/\/2horizontes.com\/?p=49447"},"modified":"2016-05-06T09:26:05","modified_gmt":"2016-05-06T08:26:05","slug":"mossack-no-quiere-se-publiquen-datos","status":"publish","type":"post","link":"https:\/\/2horizontes.com\/?p=49447","title":{"rendered":"Panam\u00e1: Mossack no quiere se publiquen datos"},"content":{"rendered":"<div id=\"ArticleAuthorDiv\" class=\"article-body-author\"><b>EFE<\/b><\/div>\n<div id=\"ArticleSourceDiv\" class=\"article-body-author\"><b>Panam\u00e1<\/b><\/div>\n<div id=\"ArticleBody\">\n<p>El bufete paname\u00f1o Mossack Fonseca, epicentro de los denominados papeles de Panam\u00e1, pidi\u00f3 ayer al consorcio period\u00edstico que desvel\u00f3 las filtraciones sobre sociedades \u201coffshore\u201d (extraterritoriales) que desista de publicar el pr\u00f3ximo lunes la base de datos \u00edntegra del despacho.<\/p>\n<p>\u201cHemos enviado el d\u00eda de hoy (ayer) una carta de \u201ccease and desist\u201d (requerimiento de cese) al Consorcio Internacional de Periodistas Investigativos (ICIJ, por sus siglas en ingles) de cara a su anuncio de liberar el 9 de mayo la informaci\u00f3n extra\u00edda de nuestra base de datos\u201d, indic\u00f3 el bufete paname\u00f1o en un comunicado.<\/p>\n<p>La publicaci\u00f3n de dicha informaci\u00f3n \u201ces un robo y una violaci\u00f3n al tratado de confidencialidad entre cliente y abogado, el cual nos debemos esforzar en proteger\u201d, denunci\u00f3 Mossack Fonseca.<\/p>\n<p>El ICIJ anunci\u00f3 que el pr\u00f3ximo 9 de mayo pondr\u00e1 a disposici\u00f3n del p\u00fablico los papeles de Panam\u00e1 para que se puedan hacer b\u00fasquedas concretas entre todos los m\u00e1s de 11,5 millones de documentos del despacho de abogados.<\/p>\n<p>\u201cNo es lo usual en nuestra firma tomar este tipo de acciones frente a los medios de comunicaci\u00f3n y esperamos que la pol\u00e9mica no nos arrastre a futuras acciones legales\u201d, declar\u00f3 la firma.<\/p>\n<p>Seg\u00fan la organizaci\u00f3n period\u00edstica, se tratar\u00e1 de \u201cla mayor revelaci\u00f3n de informaci\u00f3n de la historia sobre compa\u00f1\u00edas opacas secretas y la gente detr\u00e1s de ellas\u201d.<\/p>\n<p>El esc\u00e1ndalo estall\u00f3 el pasado 3 de abril cuando un centenar de medios de comunicaci\u00f3n afiliados al consorcio desvelaron que personalidades de todo el mundo contrataron los servicios de Mossack Fonseca para crear sociedades \u201coffshore\u201d (extraterritoriales) y evadir impuestos al fisco.<\/p>\n<p>Entre los clientes del bufete hay m\u00e1s de 140 pol\u00edticos y altos funcionarios de todo el planeta, adem\u00e1s de a celebridades, deportistas, cineastas, escritores y propietarios de arte.<\/p>\n<p>\u00abMossack Fonseca opera en todas las jurisdicciones bajo el estricto cumplimiento de las regulaciones respectivas de la industria y que todos los servicios que presta se proveen siempre dentro del \u00e1mbito de lo legal\u00bb, reitir\u00f3 el despacho de abogados.<\/p>\n<\/div>\n","protected":false},"excerpt":{"rendered":"<p>EFE Panam\u00e1 El bufete paname\u00f1o Mossack Fonseca, epicentro de los denominados papeles de Panam\u00e1, pidi\u00f3 ayer al consorcio period\u00edstico que desvel\u00f3 las filtraciones sobre sociedades \u201coffshore\u201d (extraterritoriales) que desista de publicar el pr\u00f3ximo lunes la base de datos \u00edntegra del despacho. \u201cHemos enviado el d\u00eda de hoy (ayer) una carta de \u201ccease and desist\u201d (requerimiento [&hellip;]<\/p>\n","protected":false},"author":7,"featured_media":49448,"comment_status":"open","ping_status":"open","sticky":false,"template":"","format":"standard","meta":{"footnotes":""},"categories":[40],"tags":[],"class_list":["post-49447","post","type-post","status-publish","format-standard","has-post-thumbnail","hentry","category-internacionales"],"_links":{"self":[{"href":"https:\/\/2horizontes.com\/index.php?rest_route=\/wp\/v2\/posts\/49447","targetHints":{"allow":["GET"]}}],"collection":[{"href":"https:\/\/2horizontes.com\/index.php?rest_route=\/wp\/v2\/posts"}],"about":[{"href":"https:\/\/2horizontes.com\/index.php?rest_route=\/wp\/v2\/types\/post"}],"author":[{"embeddable":true,"href":"https:\/\/2horizontes.com\/index.php?rest_route=\/wp\/v2\/users\/7"}],"replies":[{"embeddable":true,"href":"https:\/\/2horizontes.com\/index.php?rest_route=%2Fwp%2Fv2%2Fcomments&post=49447"}],"version-history":[{"count":2,"href":"https:\/\/2horizontes.com\/index.php?rest_route=\/wp\/v2\/posts\/49447\/revisions"}],"predecessor-version":[{"id":49450,"href":"https:\/\/2horizontes.com\/index.php?rest_route=\/wp\/v2\/posts\/49447\/revisions\/49450"}],"wp:featuredmedia":[{"embeddable":true,"href":"https:\/\/2horizontes.com\/index.php?rest_route=\/wp\/v2\/media\/49448"}],"wp:attachment":[{"href":"https:\/\/2horizontes.com\/index.php?rest_route=%2Fwp%2Fv2%2Fmedia&parent=49447"}],"wp:term":[{"taxonomy":"category","embeddable":true,"href":"https:\/\/2horizontes.com\/index.php?rest_route=%2Fwp%2Fv2%2Fcategories&post=49447"},{"taxonomy":"post_tag","embeddable":true,"href":"https:\/\/2horizontes.com\/index.php?rest_route=%2Fwp%2Fv2%2Ftags&post=49447"}],"curies":[{"name":"wp","href":"https:\/\/api.w.org\/{rel}","templated":true}]}}