{"id":49441,"date":"2016-05-06T09:18:46","date_gmt":"2016-05-06T08:18:46","guid":{"rendered":"http:\/\/2horizontes.com\/?p=49441"},"modified":"2016-05-06T09:18:46","modified_gmt":"2016-05-06T08:18:46","slug":"suspenden-al-presidente-camara-diputados-brasil","status":"publish","type":"post","link":"https:\/\/2horizontes.com\/?p=49441","title":{"rendered":"Suspenden al presidente c\u00e1mara diputados Brasil"},"content":{"rendered":"<div id=\"ArticleAuthorDiv\" class=\"article-body-author\"><b>EFE<\/b><\/div>\n<div id=\"ArticleSourceDiv\" class=\"article-body-author\"><b>Brasilia<\/b><\/div>\n<div id=\"ArticleBody\">\n<p>Una medida cautelar dictada por un magistrado del Tribunal Supremo de Brasil suspendi\u00f3 ayer el mandato del diputado Eduardo Cunha, presidente de la C\u00e1mara Baja y responsable por dar inicio al proceso que puede llevar a un juicio pol\u00edtico a la presidenta del pa\u00eds, Dilma Rousseff.<\/p>\n<p>La medida fue dictada por el Teori Zavascki, uno de los once miembros del Supremo, que la fundament\u00f3 en las numerosas acusaciones que pesan contra Cunha por el esc\u00e1ndalo de corrupci\u00f3n en la empresa estatal Petrobras, por las que incluso ya se ha iniciado un juicio formal en su contra.<\/p>\n<p>Cunha es el segundo en la l\u00ednea de sucesi\u00f3n del Estado brasile\u00f1o y podr\u00eda convertirse en el primero si prospera el juicio pol\u00edtico que tramita contra Rousseff y es separada del cargo por el Senado y sustituida por el vicepresidente Michel Temer a partir de la semana pr\u00f3xima.<\/p>\n<p>La posibilidad de que Cunha asuma la presidencia en forma interina ante un eventual viaje de Temer al exterior, en caso de que \u00e9ste sustituya a Rousseff, caus\u00f3 preocupaci\u00f3n en el Supremo, que hoy mismo ten\u00eda previsto analizar esa situaci\u00f3n.<\/p>\n<p>Sin embargo, Zavascki se adelant\u00f3 y decidi\u00f3 por adoptar la medida cautelar, que atendi\u00f3 una petici\u00f3n formulada por la Procuradur\u00eda General. Seg\u00fan la Fiscal\u00eda, Cunha se vali\u00f3 de su cargo para \u201cintimidar parlamentarios, reos, testigos\u201d y otros \u201cagentes p\u00fablicos\u201d a fin de obstaculizar las investigaciones en su contra por las corruptelas en la petrolera estatal, de las que habr\u00eda obtenido unos cinco millones de d\u00f3lares que ocultaba en unas cuentas secretas en bancos suizos.<\/p>\n<p>Adem\u00e1s de los procesos en la Corte Suprema, el Consejo de \u00c9tica de la C\u00e1mara Baja investiga si Cunha minti\u00f3 al Congreso al negar la existencia de esas cuentas, que fueron confirmadas por la propia justicia helv\u00e9tica, que colabora con las autoridades brasile\u00f1as.<\/p>\n<p>El 25 de abril pasado, la Corte Suprema de Brasil autoriz\u00f3 hoy la apertura de otras dos investigaciones por corrupci\u00f3n sobre el presidente de la C\u00e1mara de Diputados,<\/p>\n<p>Eduardo Cunha, contra quien ya hay tres procesos en marcha en la m\u00e1xima corte del pa\u00eds, informaron fuentes oficiales.<\/p>\n<p>El inicio de las dos nuevas investigaciones fue ordenado este lunes por el magistrado Teori Zavascki, el instructor en el Supremo Tribunal Federal de todos los procesos vinculados con el gigantesco esc\u00e1ndalo de corrupci\u00f3n en la petrolera Petrobras, seg\u00fan inform\u00f3 la propia corte.<\/p>\n<p>El tribunal se abstuvo de dar detalles sobre las dos nuevas investigaciones por respeto a su secreto pero al parecer tambi\u00e9n est\u00e1n vinculadas a los desv\u00edos en Petrobras.<\/p>\n<p>Como presidente de la C\u00e1mara de Diputados, Cunha es el segundo en la l\u00ednea de sucesi\u00f3n de la presidencia de Brasil y fue el encargado de iniciar los tr\u00e1mites para el juicio pol\u00edtico con fines de destituci\u00f3n que el Congreso estudia abrir a la presidenta Dilma Rousseff.<\/p>\n<p>El primero en la l\u00ednea de sucesi\u00f3n es el vicepresidente Michel Temer, quien tambi\u00e9n puede ser sometido a un proceso similar al de Rousseff.<\/p>\n<p><strong>(+) EL VICEPRESIDENTE PODR\u00cdA SER SOMETIDO<\/strong><br \/>\nComo presidente de la C\u00e1mara de Diputados, Cunha es el segundo en la l\u00ednea de sucesi\u00f3n de la presidencia de Brasil y fue el encargado de iniciar los tr\u00e1mites para el juicio pol\u00edtico con fines de destituci\u00f3n que el Congreso estudia abrir a la presidenta Dilma Rousseff. El primero en la l\u00ednea de sucesi\u00f3n es el vicepresidente Michel Temer, quien tambi\u00e9n puede ser sometido a un proceso similar al de Rousseff.<\/p>\n<p>En caso de que ambos sean despojados de sus mandatos, Cunha asumir\u00eda la jefatura del Estado. Al menos tres delatores que colaboran en la investigaci\u00f3n de los desv\u00edos en Petrobras han entregado supuestas pruebas que muestran que Cunha recibi\u00f3 5,1 millones de d\u00f3lares por haber intermediado un contrato ilegal de la petrolera.<\/p>\n<p>Dicho presunto soborno formaba parte de un total de 40 millones de d\u00f3lares que el empresario Julio Camargo acept\u00f3 pagar a cambio de adjudicarle un contrato de 1.200 millones de d\u00f3lares para construir dos nav\u00edos de explotaci\u00f3n de petr\u00f3leo en aguas marinas para Petrobras.<\/p>\n<\/div>\n","protected":false},"excerpt":{"rendered":"<p>EFE Brasilia Una medida cautelar dictada por un magistrado del Tribunal Supremo de Brasil suspendi\u00f3 ayer el mandato del diputado Eduardo Cunha, presidente de la C\u00e1mara Baja y responsable por dar inicio al proceso que puede llevar a un juicio pol\u00edtico a la presidenta del pa\u00eds, Dilma Rousseff. La medida fue dictada por el Teori [&hellip;]<\/p>\n","protected":false},"author":7,"featured_media":49442,"comment_status":"open","ping_status":"open","sticky":false,"template":"","format":"standard","meta":{"footnotes":""},"categories":[40,43],"tags":[],"class_list":["post-49441","post","type-post","status-publish","format-standard","has-post-thumbnail","hentry","category-internacionales","category-politica"],"_links":{"self":[{"href":"https:\/\/2horizontes.com\/index.php?rest_route=\/wp\/v2\/posts\/49441","targetHints":{"allow":["GET"]}}],"collection":[{"href":"https:\/\/2horizontes.com\/index.php?rest_route=\/wp\/v2\/posts"}],"about":[{"href":"https:\/\/2horizontes.com\/index.php?rest_route=\/wp\/v2\/types\/post"}],"author":[{"embeddable":true,"href":"https:\/\/2horizontes.com\/index.php?rest_route=\/wp\/v2\/users\/7"}],"replies":[{"embeddable":true,"href":"https:\/\/2horizontes.com\/index.php?rest_route=%2Fwp%2Fv2%2Fcomments&post=49441"}],"version-history":[{"count":1,"href":"https:\/\/2horizontes.com\/index.php?rest_route=\/wp\/v2\/posts\/49441\/revisions"}],"predecessor-version":[{"id":49443,"href":"https:\/\/2horizontes.com\/index.php?rest_route=\/wp\/v2\/posts\/49441\/revisions\/49443"}],"wp:featuredmedia":[{"embeddable":true,"href":"https:\/\/2horizontes.com\/index.php?rest_route=\/wp\/v2\/media\/49442"}],"wp:attachment":[{"href":"https:\/\/2horizontes.com\/index.php?rest_route=%2Fwp%2Fv2%2Fmedia&parent=49441"}],"wp:term":[{"taxonomy":"category","embeddable":true,"href":"https:\/\/2horizontes.com\/index.php?rest_route=%2Fwp%2Fv2%2Fcategories&post=49441"},{"taxonomy":"post_tag","embeddable":true,"href":"https:\/\/2horizontes.com\/index.php?rest_route=%2Fwp%2Fv2%2Ftags&post=49441"}],"curies":[{"name":"wp","href":"https:\/\/api.w.org\/{rel}","templated":true}]}}