{"id":49422,"date":"2016-05-05T21:18:32","date_gmt":"2016-05-05T20:18:32","guid":{"rendered":"http:\/\/2horizontes.com\/?p=49422"},"modified":"2016-05-05T21:18:32","modified_gmt":"2016-05-05T20:18:32","slug":"ingrid-betancourt-regreso-a-colombia-para-abrazar-la-paz-y-el-perdon","status":"publish","type":"post","link":"https:\/\/2horizontes.com\/?p=49422","title":{"rendered":"Ingrid Betancourt regres\u00f3 a Colombia para abrazar la paz y el perd\u00f3n"},"content":{"rendered":"<div class=\"mce-body mce\">\n<p>La ex reh\u00e9n de la guerrilla FARC Ingrid Betancourt volvi\u00f3 a Colombia para participar este jueves en un foro por la reconciliaci\u00f3n, en el que suplic\u00f3 al pa\u00eds \u00ababrazar\u00bb la posibilidad de la paz y promover el perd\u00f3n tras m\u00e1s de medio siglo de conflicto armado.<\/p>\n<p>\u00abLe formulo hoy a Colombia una sola s\u00faplica: que tenga la audacia de confiar en s\u00ed misma y abrazar con todas las fuerzas de su alma el grandioso prospecto de la paz\u00bb, dijo Betancourt en el foro \u00abReconciliaci\u00f3n, m\u00e1s que realismo m\u00e1gico\u00bb, con ocasi\u00f3n del cual volvi\u00f3 a su pa\u00eds tras a\u00f1os de ausencia.<\/p>\n<p>En un discurso durante el cual la emoci\u00f3n le pudo a la voz en m\u00e1s de una ocasi\u00f3n, Betancourt record\u00f3 algunas experiencias que vivi\u00f3 durante los m\u00e1s de seis a\u00f1os en que estuvo en poder de las Fuerzas Armadas Revolucionarias de Colombia (FARC, comunistas), hoy en la recta final de un proceso de paz con el gobierno de Juan Manuel Santos, y pidi\u00f3 al pa\u00eds abrirle la puerta a la reconciliaci\u00f3n.<\/p>\n<p>La ex congresista colombiana, quien tiene adem\u00e1s nacionalidad francesa, fue secuestrada en 2002 cuando era candidata presidencial por el partido verde Ox\u00edgeno y liberada en 2008 junto a otros rehenes en un operativo militar conocido como \u00abOperaci\u00f3n Jaque\u00bb, dirigida por Santos, entonces ministro de Defensa, y de gran repercusi\u00f3n medi\u00e1tica.<\/p>\n<p>\u00abNo hay nada m\u00e1s fuerte que el perd\u00f3n para detener la deshumanizaci\u00f3n\u00bb que ha afectado a todos los colombianos tras m\u00e1s de medio siglo de conflicto, dijo Betancourt este jueves, al relatar c\u00f3mo en un momento dif\u00edcil de su cautiverio un guerrillero le pidi\u00f3 perd\u00f3n por algo que le hab\u00eda dicho y ese hecho le ayud\u00f3 a superar el baj\u00f3n que atravesaba.<\/p>\n<p>\u00abPara que la reconciliaci\u00f3n sea posible, el resultado de pedir perd\u00f3n y de conceder perd\u00f3n no puede ser igual a cero (&#8230;) todos los colombianos deben ganar m\u00e1s con la paz que con la guerra\u00bb, asever\u00f3.<\/p>\n<p>Sobre el proceso de paz con las FARC, la ex reh\u00e9n -que solo ha vuelto a Colombia en contadas ocasiones tras su liberaci\u00f3n- dijo que tanto las \u00abambiciones\u00bb de justicia que tiene la sociedad como las de \u00abseguridad jur\u00eddica\u00bb a las que aspira la guerrilla son compatibles.<\/p>\n<p>\u00abNosotros como sociedad aspiramos a que no haya impunidad, ellos, los de las FARC, requieren seguridad jur\u00eddica. Ambas ambiciones son justas y no son incompatibles: la posibilidad de una justicia transicional es una propuesta creativa y madura para resolver esta ecuaci\u00f3n\u00bb, asegur\u00f3.<\/p>\n<\/div>\n","protected":false},"excerpt":{"rendered":"<p>La ex reh\u00e9n de la guerrilla FARC Ingrid Betancourt volvi\u00f3 a Colombia para participar este jueves en un foro por la reconciliaci\u00f3n, en el que suplic\u00f3 al pa\u00eds \u00ababrazar\u00bb la posibilidad de la paz y promover el perd\u00f3n tras m\u00e1s de medio siglo de conflicto armado. \u00abLe formulo hoy a Colombia una sola s\u00faplica: que [&hellip;]<\/p>\n","protected":false},"author":13240,"featured_media":49423,"comment_status":"open","ping_status":"open","sticky":false,"template":"","format":"standard","meta":{"footnotes":""},"categories":[50,40,43],"tags":[],"class_list":["post-49422","post","type-post","status-publish","format-standard","has-post-thumbnail","hentry","category-colombia","category-internacionales","category-politica"],"_links":{"self":[{"href":"https:\/\/2horizontes.com\/index.php?rest_route=\/wp\/v2\/posts\/49422","targetHints":{"allow":["GET"]}}],"collection":[{"href":"https:\/\/2horizontes.com\/index.php?rest_route=\/wp\/v2\/posts"}],"about":[{"href":"https:\/\/2horizontes.com\/index.php?rest_route=\/wp\/v2\/types\/post"}],"author":[{"embeddable":true,"href":"https:\/\/2horizontes.com\/index.php?rest_route=\/wp\/v2\/users\/13240"}],"replies":[{"embeddable":true,"href":"https:\/\/2horizontes.com\/index.php?rest_route=%2Fwp%2Fv2%2Fcomments&post=49422"}],"version-history":[{"count":1,"href":"https:\/\/2horizontes.com\/index.php?rest_route=\/wp\/v2\/posts\/49422\/revisions"}],"predecessor-version":[{"id":49424,"href":"https:\/\/2horizontes.com\/index.php?rest_route=\/wp\/v2\/posts\/49422\/revisions\/49424"}],"wp:featuredmedia":[{"embeddable":true,"href":"https:\/\/2horizontes.com\/index.php?rest_route=\/wp\/v2\/media\/49423"}],"wp:attachment":[{"href":"https:\/\/2horizontes.com\/index.php?rest_route=%2Fwp%2Fv2%2Fmedia&parent=49422"}],"wp:term":[{"taxonomy":"category","embeddable":true,"href":"https:\/\/2horizontes.com\/index.php?rest_route=%2Fwp%2Fv2%2Fcategories&post=49422"},{"taxonomy":"post_tag","embeddable":true,"href":"https:\/\/2horizontes.com\/index.php?rest_route=%2Fwp%2Fv2%2Ftags&post=49422"}],"curies":[{"name":"wp","href":"https:\/\/api.w.org\/{rel}","templated":true}]}}