{"id":49086,"date":"2016-04-29T21:37:27","date_gmt":"2016-04-29T20:37:27","guid":{"rendered":"http:\/\/2horizontes.com\/?p=49086"},"modified":"2016-04-29T21:37:27","modified_gmt":"2016-04-29T20:37:27","slug":"sindicatos-de-argentina-se-unen-en-masa-contra-ajustes-de-macri","status":"publish","type":"post","link":"https:\/\/2horizontes.com\/?p=49086","title":{"rendered":"Sindicatos de Argentina se unen en masa contra ajustes de Macri"},"content":{"rendered":"<div class=\"mce-body mce\">\n<p>Miles de personas se movilizaron este viernes al llamado de las cinco centrales obreras de Argentina, separadas durante los 12 a\u00f1os de gobiernos kircheristas pero reunidas tras cuatro meses del gobierno de Mauricio Macri, a ra\u00edz de los ajustes y despidos en un escenario de alta inflaci\u00f3n.<\/p>\n<p>\u00abEstuvimos desencontrados pero dado la situaci\u00f3n que vivimos, estamos juntos\u00bb, dijo Antonio Calo, secretario general de la Confederaci\u00f3n General del Trabajo (CGT) al resaltar que los sindicatos est\u00e1n unidos tras \u00abcuatro meses en que se descuidaron los puestos de trabajo, se apuntaron ajustes y aument\u00f3 la pobreza\u00bb.<\/p>\n<p>Con un operativo pensado para m\u00e1s de 100.000 personas, el centro de Buenos Aires qued\u00f3 virtualmente bloqueado por una movilizaci\u00f3n que convoc\u00f3 a cuatro de los cinco l\u00edderes sindicales hist\u00f3ricos que hasta fines de 2015 no pod\u00edan verse las caras por su apego o no al kirchnerismo.<\/p>\n<p>\u00abEs una convocatoria hist\u00f3rica porque hoy estamos todos juntos para defender a los trabajadores\u00bb, dijo el l\u00edder hist\u00f3rico de la CGT, Hugo Moyano, hasta hace unas semanas considerado sindicalista &#8216;amigo&#8217; de Macri.<\/p>\n<p>La movilizaci\u00f3n que sirve para conmemorar por adelantado el D\u00eda del Trabajador frente a un monumento en el barrio de San Telmo de Buenos Aires, cierra una semana en la que Macri sufri\u00f3 su primera derrota parlamentaria.<\/p>\n<p>El senado aprob\u00f3 el mi\u00e9rcoles una ley antidespidos que el presidente promete vetar si termina por ser votada en Diputados al considerar que \u00abdestruye el trabajo\u00bb.<\/p>\n<p>Las consignas se centran en poner un freno a los despidos a trav\u00e9s de la ley de emergencia ocupacional, contra el \u00abtarifazo\u00bb de 300% promedio de los servicios b\u00e1sicos y la inflaci\u00f3n que ya ronda el 40% anual.<\/p>\n<p>Tambi\u00e9n anticipan \u00abparo nacional ya si Macri veta ley antidespidos\u00bb, dec\u00edan pancartas de obreros.<\/p>\n<p>\u00abEsperamos que Macri tenga la misma celeridad que tuvo con el campo\u00bb, dijo ir\u00f3nicamente el dirigente de camioneros Pablo Moyano, en referencia a la eliminaci\u00f3n de impuestos a la exportaci\u00f3n para la mayor parte de los agroproductores que anunci\u00f3 Macri cuatro d\u00edas despu\u00e9s de asumir en diciembre.<\/p>\n<p>Ahora \u00absi Macri veta la ley va a quedar como el presidente que avala los despidos\u00bb, cerr\u00f3.<\/p>\n<p>Las tres alas de la mayoritaria CGT y las dos vertientes de la Central de Trabajadores Argentinos (CTA) dejaron atr\u00e1s las diferencias que los dividieron durante la gesti\u00f3n de N\u00e9stor y Cristina Kirchner (2003\/2015) para hacer frente a lo que consideran una embestida contra los trabajadores.<\/p>\n<p>Hugo Yasky, secretario general de la CTA, consider\u00f3 que es un \u00abd\u00eda hist\u00f3rico porque el movimiento obrero organizado en su conjunto se moviliza. Se puede cuestionar que no actuamos antes\u00bb, dijo.<\/p>\n<p>El ministro del Interior, Rogelio Frigerio, abog\u00f3 por una marcha en paz que celebre el D\u00eda del Trabajador. \u00abOtra cosa ser\u00eda un poco dif\u00edcil de justificar, a poco m\u00e1s de cuatro meses de la gesti\u00f3n que, como todos saben, arranca con una herencia pesad\u00edsima\u00bb.<\/p>\n<p>M\u00e9dicos, maestros, bancarios, portuarios, estatales, universitarios y un sinn\u00famero de sindicatos ya han hecho huelgas y protestas en los \u00faltimos meses.<\/p>\n<p>&#8211; Macri atento &#8211;<\/p>\n<p>Macri viaj\u00f3 a Tucum\u00e1n (1.200 km al norte) para anunciar un Plan Nacional del Agua con el cual se prev\u00e9 crear 200.000 puestos de trabajo, y dej\u00f3 saber que estaba atento a los reclamos sindicales.<\/p>\n<p>\u00abTodo el mundo tiene el derecho a expresarse, pero estamos trabajando en todas las cuestiones que plantean\u00bb, dijo el presidente.<\/p>\n<p>\u00abSabemos que hay que bajar la inflaci\u00f3n, hay que generar m\u00e1s empleo y que haya m\u00e1s inversiones, y para eso estamos trabajando todos los d\u00edas\u00bb, apunt\u00f3.<\/p>\n<p>De aprobarse la ley antidespidos por seis meses, Macri podr\u00e1 usar el derecho a veto, una decisi\u00f3n con alto costo pol\u00edtico en un contexto de ajuste econ\u00f3mico y con unos 100.000 despidos desde que asumi\u00f3 en diciembre, seg\u00fan sindicatos.<\/p>\n<\/div>\n","protected":false},"excerpt":{"rendered":"<p>Miles de personas se movilizaron este viernes al llamado de las cinco centrales obreras de Argentina, separadas durante los 12 a\u00f1os de gobiernos kircheristas pero reunidas tras cuatro meses del gobierno de Mauricio Macri, a ra\u00edz de los ajustes y despidos en un escenario de alta inflaci\u00f3n. \u00abEstuvimos desencontrados pero dado la situaci\u00f3n que vivimos, [&hellip;]<\/p>\n","protected":false},"author":13240,"featured_media":49089,"comment_status":"open","ping_status":"open","sticky":false,"template":"","format":"standard","meta":{"footnotes":""},"categories":[40,43],"tags":[],"class_list":["post-49086","post","type-post","status-publish","format-standard","has-post-thumbnail","hentry","category-internacionales","category-politica"],"_links":{"self":[{"href":"https:\/\/2horizontes.com\/index.php?rest_route=\/wp\/v2\/posts\/49086","targetHints":{"allow":["GET"]}}],"collection":[{"href":"https:\/\/2horizontes.com\/index.php?rest_route=\/wp\/v2\/posts"}],"about":[{"href":"https:\/\/2horizontes.com\/index.php?rest_route=\/wp\/v2\/types\/post"}],"author":[{"embeddable":true,"href":"https:\/\/2horizontes.com\/index.php?rest_route=\/wp\/v2\/users\/13240"}],"replies":[{"embeddable":true,"href":"https:\/\/2horizontes.com\/index.php?rest_route=%2Fwp%2Fv2%2Fcomments&post=49086"}],"version-history":[{"count":1,"href":"https:\/\/2horizontes.com\/index.php?rest_route=\/wp\/v2\/posts\/49086\/revisions"}],"predecessor-version":[{"id":49092,"href":"https:\/\/2horizontes.com\/index.php?rest_route=\/wp\/v2\/posts\/49086\/revisions\/49092"}],"wp:featuredmedia":[{"embeddable":true,"href":"https:\/\/2horizontes.com\/index.php?rest_route=\/wp\/v2\/media\/49089"}],"wp:attachment":[{"href":"https:\/\/2horizontes.com\/index.php?rest_route=%2Fwp%2Fv2%2Fmedia&parent=49086"}],"wp:term":[{"taxonomy":"category","embeddable":true,"href":"https:\/\/2horizontes.com\/index.php?rest_route=%2Fwp%2Fv2%2Fcategories&post=49086"},{"taxonomy":"post_tag","embeddable":true,"href":"https:\/\/2horizontes.com\/index.php?rest_route=%2Fwp%2Fv2%2Ftags&post=49086"}],"curies":[{"name":"wp","href":"https:\/\/api.w.org\/{rel}","templated":true}]}}