{"id":4905,"date":"2015-04-10T20:15:51","date_gmt":"2015-04-10T20:15:51","guid":{"rendered":"http:\/\/2horizontes.com\/?p=4905"},"modified":"2015-04-10T20:18:35","modified_gmt":"2015-04-10T20:18:35","slug":"25-000-usuarios-reclaman-a-facebook-una-indemnizacion-por-violar-su-privacidad","status":"publish","type":"post","link":"https:\/\/2horizontes.com\/?p=4905","title":{"rendered":"25.000 usuarios reclaman a Facebook una indemnizaci\u00f3n por violar su privacidad"},"content":{"rendered":"<p><a href=\"http:\/\/2horizontes.com\/wp-content\/uploads\/2015\/04\/facebook.jpg\"><img loading=\"lazy\" decoding=\"async\" class=\" size-medium wp-image-4894 alignleft\" src=\"http:\/\/2horizontes.com\/wp-content\/uploads\/2015\/04\/facebook-300x214.jpg\" alt=\"facebook\" width=\"300\" height=\"214\" srcset=\"https:\/\/2horizontes.com\/wp-content\/uploads\/2015\/04\/facebook-300x214.jpg 300w, https:\/\/2horizontes.com\/wp-content\/uploads\/2015\/04\/facebook-510x364.jpg 510w, https:\/\/2horizontes.com\/wp-content\/uploads\/2015\/04\/facebook.jpg 560w\" sizes=\"auto, (max-width: 300px) 100vw, 300px\" \/><\/a><\/p>\n<p>Madrid.-Cada usuario pide solo 500 euros pero, multiplicados por los 25.000 que la reclaman, se disparan a 12,5 millones de euros. Los demanda a\u00a0Facebook\u00a0un colectivo liderado por un activista y estudiante de derecho austriaco de 27 a\u00f1os, Max Scherms, por la violaci\u00f3n de la privacidad de sus datos. En la vista previa a la admisi\u00f3n de la demanda, Facebook hizo valer un supuesto incumplimiento de requisitos t\u00e9cnicos ante el<!--more--> juez, que tomar\u00e1 una decisi\u00f3n por escrito antes del verano.<\/p>\n<p>Los demandantes acusan a Facebook de violar sus derechos por acumular datos sensibles (lo que se denominan perfiles en la sombra<em>),el uso del bot\u00f3n me gusta para rastrear usuarios<\/em>\u00a0en cualquier web que lo contenga o el cambio frecuente de pol\u00edticas no convenientemente comunicadas. En la p\u00e1gina web de Europa contra Facebook, el nombre que el colectivo de usuarios ha elegido para denominar su acci\u00f3n, se incluyen estas y otras quejas,\u00a0hasta sumar 22 distintas.<\/p>\n<p>\u00abLa demanda es inadmisible desde un punto de vista de procedimiento. Es injustificada en su contenido\u00bb, esgrimi\u00f3 <span id=\"articleText\">Nikolaus Pitkowitz, abogado de Facebook, durante las cuatro horas en la que los letrados de la red social trataron de convencer al juez de que paralizara la admisi\u00f3n de la demanda, seg\u00fan informa Reuters. Facebook argumenta que Schrems ni siquiera es usuario de la red, pero \u00e9l afirma que s\u00ed.<br \/>\n<\/span><\/p>\n<p><span id=\"articleText\">Schrems<\/span> contraatac\u00f3 afirmando en su web que Facebook emplea \u00abuna estrategia t\u00edpica para ralentizar el proceso, porque la mayor\u00eda de consumidores agotar\u00edan su tiempo y dinero\u00bb, si bien asegur\u00f3 que el colectivo de demandantes cuenta con un respaldo financiero que, en caso de perder el juicio, les evitar\u00eda los costes.<\/p>\n<p>La baja cuant\u00eda reclamada por los 500 euros es, para Schrems, una declaraci\u00f3n de intenciones del colectivo: \u00abEl foco es que las compa\u00f1\u00edas digitales estadonidenses tienen que atenerse a las leyes y cumplir con los derechos fundamentales como cualquiera. Ahora mismo tenemos toda una industria que opera muy, muy lejos del marco legal. Y esto es tambi\u00e9n un asunto de juego limpio empresarial: las compa\u00f1\u00edas que se atienen a la ley est\u00e1n en desventaja\u00bb. Schrems no aclara la posici\u00f3n que tomar\u00eda el colectivo en caso de que Facebook le ofrezca un acuerdo para no llegar a juicio: \u00abNo es el caso a\u00fan. Dudo tambi\u00e9n de que Facebook ofrezca atenerse a las leyes sin que un tribunal les obligue\u00bb. La compa\u00f1\u00eda ha declinado hacer declaraciones al respecto.<\/p>\n<p>Estas reclamaciones coinciden en varios puntos con las conclusiones que la semana pasada detallaba un informe de la Comisi\u00f3n de Privacidad Belga. Tampoco es una iniciativa aislada: forma parte de una acci\u00f3n conjunta a nivel europeo de las agencias de protecci\u00f3n de datos.<\/p>\n","protected":false},"excerpt":{"rendered":"<p>Madrid.-Cada usuario pide solo 500 euros pero, multiplicados por los 25.000 que la reclaman, se disparan a 12,5 millones de euros. Los demanda a\u00a0Facebook\u00a0un colectivo liderado por un activista y estudiante de derecho austriaco de 27 a\u00f1os, Max Scherms, por la violaci\u00f3n de la privacidad de sus datos. En la vista previa a la admisi\u00f3n [&hellip;]<\/p>\n","protected":false},"author":2,"featured_media":4894,"comment_status":"open","ping_status":"open","sticky":false,"template":"","format":"standard","meta":{"footnotes":""},"categories":[1],"tags":[],"class_list":["post-4905","post","type-post","status-publish","format-standard","has-post-thumbnail","hentry","category-entretenimiento"],"_links":{"self":[{"href":"https:\/\/2horizontes.com\/index.php?rest_route=\/wp\/v2\/posts\/4905","targetHints":{"allow":["GET"]}}],"collection":[{"href":"https:\/\/2horizontes.com\/index.php?rest_route=\/wp\/v2\/posts"}],"about":[{"href":"https:\/\/2horizontes.com\/index.php?rest_route=\/wp\/v2\/types\/post"}],"author":[{"embeddable":true,"href":"https:\/\/2horizontes.com\/index.php?rest_route=\/wp\/v2\/users\/2"}],"replies":[{"embeddable":true,"href":"https:\/\/2horizontes.com\/index.php?rest_route=%2Fwp%2Fv2%2Fcomments&post=4905"}],"version-history":[{"count":2,"href":"https:\/\/2horizontes.com\/index.php?rest_route=\/wp\/v2\/posts\/4905\/revisions"}],"predecessor-version":[{"id":4911,"href":"https:\/\/2horizontes.com\/index.php?rest_route=\/wp\/v2\/posts\/4905\/revisions\/4911"}],"wp:featuredmedia":[{"embeddable":true,"href":"https:\/\/2horizontes.com\/index.php?rest_route=\/wp\/v2\/media\/4894"}],"wp:attachment":[{"href":"https:\/\/2horizontes.com\/index.php?rest_route=%2Fwp%2Fv2%2Fmedia&parent=4905"}],"wp:term":[{"taxonomy":"category","embeddable":true,"href":"https:\/\/2horizontes.com\/index.php?rest_route=%2Fwp%2Fv2%2Fcategories&post=4905"},{"taxonomy":"post_tag","embeddable":true,"href":"https:\/\/2horizontes.com\/index.php?rest_route=%2Fwp%2Fv2%2Ftags&post=4905"}],"curies":[{"name":"wp","href":"https:\/\/api.w.org\/{rel}","templated":true}]}}