{"id":49001,"date":"2016-04-29T12:32:06","date_gmt":"2016-04-29T11:32:06","guid":{"rendered":"http:\/\/2horizontes.com\/?p=49001"},"modified":"2016-04-29T12:32:06","modified_gmt":"2016-04-29T11:32:06","slug":"arrestado-un-hombre-de-83-anos-por-violar-a-su-suegra-de-101","status":"publish","type":"post","link":"https:\/\/2horizontes.com\/?p=49001","title":{"rendered":"Arrestado un hombre de 83 a\u00f1os por violar a su suegra, de 101"},"content":{"rendered":"<p>La Polic\u00eda Nacional ha arrestado a un hombre de 83 a\u00f1os por agredir sexualmente a su suegra, de 101 a\u00f1os, en un domicilio del madrile\u00f1o distrito de Hortaleza, ha confirmado a Europa Press un portavoz de la Jefatura Superior de la Polic\u00eda de Madrid.<\/p>\n<p>Los hechos tuvieron lugar la noche de este mi\u00e9rcoles. La Polic\u00eda recibi\u00f3 una llamada de las Urgencias del Hospital Ram\u00f3n y Cajal de Madrid por el caso de una mujer que denunciaba haber sufrido abusos sexuales por parte de su yerno. La mujer, de 101 a\u00f1os, presentaba magulladuras por varias partes de su cuerpo y confirm\u00f3 la versi\u00f3n de lo sucedido a los agentes.<\/p>\n<p>Amoratada y con el pelo revuelto<br \/>\nPosteriormente, los funcionarios tomaron manifestaci\u00f3n a la hija de la anciana, que cont\u00f3 que hab\u00eda encontrado a su madre en el piso amoratada, el pelo revuelto y el pa\u00f1al descolocad o; y a su marido en una actitud extra\u00f1a, ya que estaba compartiendo sof\u00e1 con su suegra.<\/p>\n<p>La Polic\u00eda detuvo finalmente al acusado por agresi\u00f3n sexual con objeto. El hombre no hizo ning\u00fan comentario y se limit\u00f3 a acompa\u00f1ar a los agentes a comisar\u00eda, donde le interrogaron y le leyeron sus derechos, ha detallado el diario El Mundo.<\/p>\n<p>La hija de la v\u00edctima ha presentado una denuncia en la comisar\u00eda de Hortaleza por lo ocurrido. El arrestado, que carec\u00eda de antecedentes policiales, pasar\u00e1 a disposici\u00f3n judicial a lo largo de la ma\u00f1ana de este viernes<\/p>\n","protected":false},"excerpt":{"rendered":"<p>La Polic\u00eda Nacional ha arrestado a un hombre de 83 a\u00f1os por agredir sexualmente a su suegra, de 101 a\u00f1os, en un domicilio del madrile\u00f1o distrito de Hortaleza, ha confirmado a Europa Press un portavoz de la Jefatura Superior de la Polic\u00eda de Madrid. Los hechos tuvieron lugar la noche de este mi\u00e9rcoles. La Polic\u00eda [&hellip;]<\/p>\n","protected":false},"author":3,"featured_media":49002,"comment_status":"open","ping_status":"open","sticky":false,"template":"","format":"standard","meta":{"footnotes":""},"categories":[85],"tags":[],"class_list":["post-49001","post","type-post","status-publish","format-standard","has-post-thumbnail","hentry","category-espana"],"_links":{"self":[{"href":"https:\/\/2horizontes.com\/index.php?rest_route=\/wp\/v2\/posts\/49001","targetHints":{"allow":["GET"]}}],"collection":[{"href":"https:\/\/2horizontes.com\/index.php?rest_route=\/wp\/v2\/posts"}],"about":[{"href":"https:\/\/2horizontes.com\/index.php?rest_route=\/wp\/v2\/types\/post"}],"author":[{"embeddable":true,"href":"https:\/\/2horizontes.com\/index.php?rest_route=\/wp\/v2\/users\/3"}],"replies":[{"embeddable":true,"href":"https:\/\/2horizontes.com\/index.php?rest_route=%2Fwp%2Fv2%2Fcomments&post=49001"}],"version-history":[{"count":1,"href":"https:\/\/2horizontes.com\/index.php?rest_route=\/wp\/v2\/posts\/49001\/revisions"}],"predecessor-version":[{"id":49003,"href":"https:\/\/2horizontes.com\/index.php?rest_route=\/wp\/v2\/posts\/49001\/revisions\/49003"}],"wp:featuredmedia":[{"embeddable":true,"href":"https:\/\/2horizontes.com\/index.php?rest_route=\/wp\/v2\/media\/49002"}],"wp:attachment":[{"href":"https:\/\/2horizontes.com\/index.php?rest_route=%2Fwp%2Fv2%2Fmedia&parent=49001"}],"wp:term":[{"taxonomy":"category","embeddable":true,"href":"https:\/\/2horizontes.com\/index.php?rest_route=%2Fwp%2Fv2%2Fcategories&post=49001"},{"taxonomy":"post_tag","embeddable":true,"href":"https:\/\/2horizontes.com\/index.php?rest_route=%2Fwp%2Fv2%2Ftags&post=49001"}],"curies":[{"name":"wp","href":"https:\/\/api.w.org\/{rel}","templated":true}]}}