{"id":48979,"date":"2016-04-28T22:39:55","date_gmt":"2016-04-28T21:39:55","guid":{"rendered":"http:\/\/2horizontes.com\/?p=48979"},"modified":"2016-04-28T22:52:45","modified_gmt":"2016-04-28T21:52:45","slug":"arrestan-en-espana-a-dominicano-implicado-en-asalto-a-camion-de-envio-de-valores","status":"publish","type":"post","link":"https:\/\/2horizontes.com\/?p=48979","title":{"rendered":"Arrestan en Espa\u00f1a a dominicano implicado en asalto a cami\u00f3n de env\u00edo de valores"},"content":{"rendered":"<div class=\"detalle-texto\">\n<div class=\"text\">\n<p>SANTO DOMINGO. La Procuradur\u00eda General de la Rep\u00fablica inform\u00f3 que fue arrestado en Espa\u00f1a un segundo implicado en el robo de 38 millones de pesos, durante un asalto a un cami\u00f3n de env\u00edo de valores de la empresa dominicana Caribe Express, perpetrado en el a\u00f1o 2014, en el kil\u00f3metro 40 de la autopista Duarte.<\/p>\n<p>Se inform\u00f3 que Eliezer Carrasco fue arrestado en atenci\u00f3n a una orden de arresto tramitada por Rep\u00fablica Dominicana.<\/p>\n<p>Junto a Eliezer Carrasco tambi\u00e9n est\u00e1 involucrado en el asalto Sterling Rivera Vilorio (El Grande), supuesto cabecilla de la banda, y quien guarda prisi\u00f3n en Espa\u00f1a tras ser apresado en esa naci\u00f3n por su presunta vinculaci\u00f3n al caso.<\/p>\n<p>Las autoridades dominicanas informaron que con relaci\u00f3n a Rivera Vilorio ya fue tramitada la solicitud de extradici\u00f3n y que tienen lista la de Carrasco para ser remitida a las autoridades espa\u00f1olas.<\/p>\n<p>El asalto fue perpetrado cuando presuntamente los imputados interceptaron en la autopista Duarte al cami\u00f3n de Caribe Express que transportaba el dinero.<\/p>\n<\/div>\n<\/div>\n","protected":false},"excerpt":{"rendered":"<p>SANTO DOMINGO. La Procuradur\u00eda General de la Rep\u00fablica inform\u00f3 que fue arrestado en Espa\u00f1a un segundo implicado en el robo de 38 millones de pesos, durante un asalto a un cami\u00f3n de env\u00edo de valores de la empresa dominicana Caribe Express, perpetrado en el a\u00f1o 2014, en el kil\u00f3metro 40 de la autopista Duarte. Se [&hellip;]<\/p>\n","protected":false},"author":13240,"featured_media":48991,"comment_status":"open","ping_status":"open","sticky":false,"template":"","format":"standard","meta":{"footnotes":""},"categories":[40,44],"tags":[],"class_list":["post-48979","post","type-post","status-publish","format-standard","has-post-thumbnail","hentry","category-internacionales","category-republica-dominicana"],"_links":{"self":[{"href":"https:\/\/2horizontes.com\/index.php?rest_route=\/wp\/v2\/posts\/48979","targetHints":{"allow":["GET"]}}],"collection":[{"href":"https:\/\/2horizontes.com\/index.php?rest_route=\/wp\/v2\/posts"}],"about":[{"href":"https:\/\/2horizontes.com\/index.php?rest_route=\/wp\/v2\/types\/post"}],"author":[{"embeddable":true,"href":"https:\/\/2horizontes.com\/index.php?rest_route=\/wp\/v2\/users\/13240"}],"replies":[{"embeddable":true,"href":"https:\/\/2horizontes.com\/index.php?rest_route=%2Fwp%2Fv2%2Fcomments&post=48979"}],"version-history":[{"count":1,"href":"https:\/\/2horizontes.com\/index.php?rest_route=\/wp\/v2\/posts\/48979\/revisions"}],"predecessor-version":[{"id":48982,"href":"https:\/\/2horizontes.com\/index.php?rest_route=\/wp\/v2\/posts\/48979\/revisions\/48982"}],"wp:featuredmedia":[{"embeddable":true,"href":"https:\/\/2horizontes.com\/index.php?rest_route=\/wp\/v2\/media\/48991"}],"wp:attachment":[{"href":"https:\/\/2horizontes.com\/index.php?rest_route=%2Fwp%2Fv2%2Fmedia&parent=48979"}],"wp:term":[{"taxonomy":"category","embeddable":true,"href":"https:\/\/2horizontes.com\/index.php?rest_route=%2Fwp%2Fv2%2Fcategories&post=48979"},{"taxonomy":"post_tag","embeddable":true,"href":"https:\/\/2horizontes.com\/index.php?rest_route=%2Fwp%2Fv2%2Ftags&post=48979"}],"curies":[{"name":"wp","href":"https:\/\/api.w.org\/{rel}","templated":true}]}}