{"id":48949,"date":"2016-04-28T20:56:56","date_gmt":"2016-04-28T19:56:56","guid":{"rendered":"http:\/\/2horizontes.com\/?p=48949"},"modified":"2016-04-28T20:56:56","modified_gmt":"2016-04-28T19:56:56","slug":"hector-rodriguez-la-an-le-hace-perder-el-tiempo-a-los-venezolanos","status":"publish","type":"post","link":"https:\/\/2horizontes.com\/?p=48949","title":{"rendered":"H\u00e9ctor Rodr\u00edguez: La AN le hace perder el tiempo a los venezolanos"},"content":{"rendered":"<div class=\"mce-body mce\">\n<p>El jefe de la bancada oficialista en la Asamblea Nacional, H\u00e9ctor Rodr\u00edguez, se\u00f1al\u00f3 este jueves el deseo de que la Asamblea Nacional (AN) se ponga a raz\u00f3n del derecho y del pueblo en lugar de \u00abhacerle perder el tiempo a todos los venezolanos\u00bb.<\/p>\n<p>\u00abLe pedimos un poquito de coherencia a esa oposici\u00f3n, no es el momento ideal para las peleas, pongan las peleas de lado. Los venezolanos no queremos a unos pol\u00edticos peleando por sus ambiciones\u00bb, dijo el diputado en transmisi\u00f3n de Venezolana de Televisi\u00f3n.<\/p>\n<p>Rodr\u00edguez indic\u00f3 que la sesi\u00f3n ordinaria de este jueves era ilegal as\u00ed como todos los puntos que se desarrollaron. \u00abEsta sesi\u00f3n es ilegal porque ellos han dicho que no van a reconocer el papel del Tribunal Supremo de Justicia\u00bb, subray\u00f3.<\/p>\n<p>Critic\u00f3 tambi\u00e9n que la mayor\u00eda opositora de la AN\u00a0 aprobara un voto de censura contra el ministro de Alimentaci\u00f3n, Rodolfo Marco Torres.<\/p>\n<p>\u00ab\u00bfSirve un voto de censura para resolver el problema de la alimentaci\u00f3n producto para la baja de los ingresos?\u00bb, se pregunt\u00f3 Rodr\u00edguez. \u00abNo sirve, es in\u00fatil. Es una Asamblea Nacional in\u00fatil a la mayor\u00eda de los venezolanos\u00bb, acot\u00f3.<\/p>\n<p>El nacional web.<\/p>\n<\/div>\n","protected":false},"excerpt":{"rendered":"<p>El jefe de la bancada oficialista en la Asamblea Nacional, H\u00e9ctor Rodr\u00edguez, se\u00f1al\u00f3 este jueves el deseo de que la Asamblea Nacional (AN) se ponga a raz\u00f3n del derecho y del pueblo en lugar de \u00abhacerle perder el tiempo a todos los venezolanos\u00bb. \u00abLe pedimos un poquito de coherencia a esa oposici\u00f3n, no es el [&hellip;]<\/p>\n","protected":false},"author":13240,"featured_media":48951,"comment_status":"open","ping_status":"open","sticky":false,"template":"","format":"standard","meta":{"footnotes":""},"categories":[40,43,48],"tags":[],"class_list":["post-48949","post","type-post","status-publish","format-standard","has-post-thumbnail","hentry","category-internacionales","category-politica","category-venezuela"],"_links":{"self":[{"href":"https:\/\/2horizontes.com\/index.php?rest_route=\/wp\/v2\/posts\/48949","targetHints":{"allow":["GET"]}}],"collection":[{"href":"https:\/\/2horizontes.com\/index.php?rest_route=\/wp\/v2\/posts"}],"about":[{"href":"https:\/\/2horizontes.com\/index.php?rest_route=\/wp\/v2\/types\/post"}],"author":[{"embeddable":true,"href":"https:\/\/2horizontes.com\/index.php?rest_route=\/wp\/v2\/users\/13240"}],"replies":[{"embeddable":true,"href":"https:\/\/2horizontes.com\/index.php?rest_route=%2Fwp%2Fv2%2Fcomments&post=48949"}],"version-history":[{"count":1,"href":"https:\/\/2horizontes.com\/index.php?rest_route=\/wp\/v2\/posts\/48949\/revisions"}],"predecessor-version":[{"id":48955,"href":"https:\/\/2horizontes.com\/index.php?rest_route=\/wp\/v2\/posts\/48949\/revisions\/48955"}],"wp:featuredmedia":[{"embeddable":true,"href":"https:\/\/2horizontes.com\/index.php?rest_route=\/wp\/v2\/media\/48951"}],"wp:attachment":[{"href":"https:\/\/2horizontes.com\/index.php?rest_route=%2Fwp%2Fv2%2Fmedia&parent=48949"}],"wp:term":[{"taxonomy":"category","embeddable":true,"href":"https:\/\/2horizontes.com\/index.php?rest_route=%2Fwp%2Fv2%2Fcategories&post=48949"},{"taxonomy":"post_tag","embeddable":true,"href":"https:\/\/2horizontes.com\/index.php?rest_route=%2Fwp%2Fv2%2Ftags&post=48949"}],"curies":[{"name":"wp","href":"https:\/\/api.w.org\/{rel}","templated":true}]}}