{"id":48864,"date":"2016-04-27T21:13:09","date_gmt":"2016-04-27T20:13:09","guid":{"rendered":"http:\/\/2horizontes.com\/?p=48864"},"modified":"2016-04-27T21:13:09","modified_gmt":"2016-04-27T20:13:09","slug":"celebrando-a-san-felipe-en-puerto-plata","status":"publish","type":"post","link":"https:\/\/2horizontes.com\/?p=48864","title":{"rendered":"Celebrando a San Felipe, en Puerto Plata"},"content":{"rendered":"<div class=\"text\">\n<p>La provincia celebra esta semana su cuarta edici\u00f3n de las fiestas patronales a San Felipe y por ello los organizadores agotan un programa en el que las actividades culturales son protagonistas de manera paralela a las de la fe.<\/p>\n<p>Las atracciones, que se extienden hasta el 03 de mayo, est\u00e1n contempladas para que los locales y visitantes disfruten cada noche de conciertos y presentaciones art\u00edsticas en vivo, coros, danzas; as\u00ed como exposiciones de arte, trajes t\u00edpicos y de \u00e9poca, juegos populares y performances que forman parte de la historia y atractivo cultural de la ciudad.<\/p>\n<p>Las patronales de San Felipe de Puerto Playa tambi\u00e9n incluyen novedades eclesi\u00e1sticas pues cada uno de los d\u00edas las misas ser\u00e1n oficiadas por obispos de diferentes provincias.<\/p>\n<p>Wason Brazoban, Chiquito Team Band y Pavel N\u00fa\u00f1ez forman parte del programa de actividades, seg\u00fan declaraciones ofrecidas por Elvis Peralta, encargado del patronato organizador.<\/p>\n<p>Las actividades se concentran en el parque del casco antiguo de la ciudad, lugar en el que tambi\u00e9n est\u00e1 la catedral.<\/p>\n<\/div>\n","protected":false},"excerpt":{"rendered":"<p>La provincia celebra esta semana su cuarta edici\u00f3n de las fiestas patronales a San Felipe y por ello los organizadores agotan un programa en el que las actividades culturales son protagonistas de manera paralela a las de la fe. Las atracciones, que se extienden hasta el 03 de mayo, est\u00e1n contempladas para que los locales [&hellip;]<\/p>\n","protected":false},"author":13240,"featured_media":48871,"comment_status":"open","ping_status":"open","sticky":false,"template":"","format":"standard","meta":{"footnotes":""},"categories":[53,44,64],"tags":[],"class_list":["post-48864","post","type-post","status-publish","format-standard","has-post-thumbnail","hentry","category-provincias","category-republica-dominicana","category-turismo"],"_links":{"self":[{"href":"https:\/\/2horizontes.com\/index.php?rest_route=\/wp\/v2\/posts\/48864","targetHints":{"allow":["GET"]}}],"collection":[{"href":"https:\/\/2horizontes.com\/index.php?rest_route=\/wp\/v2\/posts"}],"about":[{"href":"https:\/\/2horizontes.com\/index.php?rest_route=\/wp\/v2\/types\/post"}],"author":[{"embeddable":true,"href":"https:\/\/2horizontes.com\/index.php?rest_route=\/wp\/v2\/users\/13240"}],"replies":[{"embeddable":true,"href":"https:\/\/2horizontes.com\/index.php?rest_route=%2Fwp%2Fv2%2Fcomments&post=48864"}],"version-history":[{"count":2,"href":"https:\/\/2horizontes.com\/index.php?rest_route=\/wp\/v2\/posts\/48864\/revisions"}],"predecessor-version":[{"id":48875,"href":"https:\/\/2horizontes.com\/index.php?rest_route=\/wp\/v2\/posts\/48864\/revisions\/48875"}],"wp:featuredmedia":[{"embeddable":true,"href":"https:\/\/2horizontes.com\/index.php?rest_route=\/wp\/v2\/media\/48871"}],"wp:attachment":[{"href":"https:\/\/2horizontes.com\/index.php?rest_route=%2Fwp%2Fv2%2Fmedia&parent=48864"}],"wp:term":[{"taxonomy":"category","embeddable":true,"href":"https:\/\/2horizontes.com\/index.php?rest_route=%2Fwp%2Fv2%2Fcategories&post=48864"},{"taxonomy":"post_tag","embeddable":true,"href":"https:\/\/2horizontes.com\/index.php?rest_route=%2Fwp%2Fv2%2Ftags&post=48864"}],"curies":[{"name":"wp","href":"https:\/\/api.w.org\/{rel}","templated":true}]}}