{"id":48834,"date":"2016-04-27T20:22:41","date_gmt":"2016-04-27T19:22:41","guid":{"rendered":"http:\/\/2horizontes.com\/?p=48834"},"modified":"2016-04-27T20:22:41","modified_gmt":"2016-04-27T19:22:41","slug":"fmi-venezuela-padece-una-situacion-no-sostenible-a-mediano-plazo","status":"publish","type":"post","link":"https:\/\/2horizontes.com\/?p=48834","title":{"rendered":"FMI: \u00abVenezuela padece una situaci\u00f3n no sostenible a mediano plazo\u00bb"},"content":{"rendered":"<p class=\"DETALLE_N_titulo \">VENEZUELA.- Debido a factores macro y microecon\u00f3micos, como el bajo precio del crudo y la p\u00e9rdida de productividad y riesgo inflacionario, Venezuela est\u00e1 en una situaci\u00f3n \u00abno sostenible en el mediano plazo\u00bb, subray\u00f3 hoy el Fondo Monetario Internacional (FMI).<\/p>\n<div id=\"texto\" class=\"texto_txt\">\n<div class=\"DETALLE_N_texto \">\n<p><span id=\"ctl14_lblMostra\">\u00abPor el deterioro de la capacidad productiva, por el deterioro de la pol\u00edtica microecon\u00f3mica y los desequilibrios macroecon\u00f3micos en Venezuela, que se ha deteriorado a\u00fan m\u00e1s con este choque petrolero, claramente la situaci\u00f3n no es sostenible en el mediano plazo\u00bb, dijo el director del FMI para el Hemisferio Occidental, Alejandro Werner.<\/p>\n<p>Seg\u00fan los pron\u00f3sticos presentados este mes por la instituci\u00f3n, la econom\u00eda del pa\u00eds bolivariano se contraer\u00e1 un 8 % este a\u00f1o, tras el descenso de 5,7 % registrado en 2015, aunque en 2017 la recesi\u00f3n se reducir\u00e1 a un 4,5 %.<\/p>\n<p>La econom\u00eda venezolana \u00abya mostraba se\u00f1ales de deterioro en la capacidad productiva\u00bb aun cuando los precios del petr\u00f3leo eran elevados, record\u00f3 Werner en una rueda de prensa en la Ciudad de M\u00e9xico.<\/p>\n<p>Todo ello tendr\u00e1 un impacto claro en la inflaci\u00f3n, que este a\u00f1o el FMI proyecta en el 720 % y para el 2017 en el 2.200 %.<\/p>\n<p>\u00abEs una tendencia que se asemeja a los episodios hiperinflacionarios que se han vivido con anterioridad en algunos pa\u00edses de Am\u00e9rica Latina\u00bb, se\u00f1al\u00f3.<\/p>\n<p>Esta tendencia se ver\u00e1 tambi\u00e9n afectada por el valor de las exportaciones petroleras, que pasaron de 80.000 millones de d\u00f3lares en 2013 a unos 20.000-25.000 millones de d\u00f3lares en 2015, record\u00f3.<\/p>\n<p>Werner no pudo prever cu\u00e1ndo se va a dar el cambio \u00abpol\u00edtico, social y econ\u00f3mico\u00bb que pueda ayudar a revertir esta tendencia negativa en la econom\u00eda venezolana, y alert\u00f3 que la situaci\u00f3n actual tiene efectos \u00absobre la calidad de vida y la salud\u00bb de los habitantes de esa naci\u00f3n.<\/p>\n<p>El FMI present\u00f3 este mi\u00e9rcoles en la capital mexicana el informe Panorama Econ\u00f3mico Regional para Am\u00e9rica Latina y el Caribe.\u00a0<\/span><\/p>\n<\/div>\n<\/div>\n","protected":false},"excerpt":{"rendered":"<p>VENEZUELA.- Debido a factores macro y microecon\u00f3micos, como el bajo precio del crudo y la p\u00e9rdida de productividad y riesgo inflacionario, Venezuela est\u00e1 en una situaci\u00f3n \u00abno sostenible en el mediano plazo\u00bb, subray\u00f3 hoy el Fondo Monetario Internacional (FMI). \u00abPor el deterioro de la capacidad productiva, por el deterioro de la pol\u00edtica microecon\u00f3mica y los [&hellip;]<\/p>\n","protected":false},"author":13240,"featured_media":48836,"comment_status":"open","ping_status":"open","sticky":false,"template":"","format":"standard","meta":{"footnotes":""},"categories":[63,40,48],"tags":[],"class_list":["post-48834","post","type-post","status-publish","format-standard","has-post-thumbnail","hentry","category-economia","category-internacionales","category-venezuela"],"_links":{"self":[{"href":"https:\/\/2horizontes.com\/index.php?rest_route=\/wp\/v2\/posts\/48834","targetHints":{"allow":["GET"]}}],"collection":[{"href":"https:\/\/2horizontes.com\/index.php?rest_route=\/wp\/v2\/posts"}],"about":[{"href":"https:\/\/2horizontes.com\/index.php?rest_route=\/wp\/v2\/types\/post"}],"author":[{"embeddable":true,"href":"https:\/\/2horizontes.com\/index.php?rest_route=\/wp\/v2\/users\/13240"}],"replies":[{"embeddable":true,"href":"https:\/\/2horizontes.com\/index.php?rest_route=%2Fwp%2Fv2%2Fcomments&post=48834"}],"version-history":[{"count":1,"href":"https:\/\/2horizontes.com\/index.php?rest_route=\/wp\/v2\/posts\/48834\/revisions"}],"predecessor-version":[{"id":48839,"href":"https:\/\/2horizontes.com\/index.php?rest_route=\/wp\/v2\/posts\/48834\/revisions\/48839"}],"wp:featuredmedia":[{"embeddable":true,"href":"https:\/\/2horizontes.com\/index.php?rest_route=\/wp\/v2\/media\/48836"}],"wp:attachment":[{"href":"https:\/\/2horizontes.com\/index.php?rest_route=%2Fwp%2Fv2%2Fmedia&parent=48834"}],"wp:term":[{"taxonomy":"category","embeddable":true,"href":"https:\/\/2horizontes.com\/index.php?rest_route=%2Fwp%2Fv2%2Fcategories&post=48834"},{"taxonomy":"post_tag","embeddable":true,"href":"https:\/\/2horizontes.com\/index.php?rest_route=%2Fwp%2Fv2%2Ftags&post=48834"}],"curies":[{"name":"wp","href":"https:\/\/api.w.org\/{rel}","templated":true}]}}