{"id":48737,"date":"2016-04-27T08:39:20","date_gmt":"2016-04-27T07:39:20","guid":{"rendered":"http:\/\/2horizontes.com\/?p=48737"},"modified":"2016-04-27T08:40:43","modified_gmt":"2016-04-27T07:40:43","slug":"revuelta-en-el-centro-de-detencion-de-migrantes-donde-hay-un-grupo-de-dominicanos","status":"publish","type":"post","link":"https:\/\/2horizontes.com\/?p=48737","title":{"rendered":"Grecia: Revuelta en el centro de detenci\u00f3n de migrantes donde hay un grupo de dominicanos"},"content":{"rendered":"<div id=\"ArticleAuthorDiv\" class=\"article-body-author\"><b>Agencias<\/b><\/div>\n<div id=\"ArticleSourceDiv\" class=\"article-body-author\"><b>Atenas<\/b><\/div>\n<div id=\"ArticleBody\">\n<p>Una revuelta ha estallado en el centro de detenci\u00f3n de migrantes en Moria, en la isla de Lesbos, donde grupos de refugiados menores de edad exigen salir del campamento. En el lugar se encuentra un grupo de dominicanos que habr\u00eda intentado llegar a Espa\u00f1a desde Turqu\u00eda.<\/p>\n<p>Los enfrentamientos comenzaron en la secci\u00f3n del centro donde residen los menores no acompa\u00f1ados, seg\u00fan inform\u00f3 la polic\u00eda local a Efe, al abrir un agujero en la valla que les separa del resto de detenidos y exigir su liberaci\u00f3n.<\/p>\n<p>Moria, que se convirti\u00f3 en centro de detenci\u00f3n tras la puesta en marcha del acuerdo de migraci\u00f3n entre la Uni\u00f3n Europea y Turqu\u00eda, acoge a unas 3.000 personas.<\/p>\n<p>La semana pasada, la canciller\u00eda criolla confirm\u00f3 que gestiona la repatriaci\u00f3n de un grupo de dominicanos que se encuentran en el lugar y que hab\u00edan levantado pancartas, pidiendo ayuda, durante la reciente visita del papa Francisco al lugar.<\/p>\n<\/div>\n","protected":false},"excerpt":{"rendered":"<p>Agencias Atenas Una revuelta ha estallado en el centro de detenci\u00f3n de migrantes en Moria, en la isla de Lesbos, donde grupos de refugiados menores de edad exigen salir del campamento. En el lugar se encuentra un grupo de dominicanos que habr\u00eda intentado llegar a Espa\u00f1a desde Turqu\u00eda. Los enfrentamientos comenzaron en la secci\u00f3n del [&hellip;]<\/p>\n","protected":false},"author":7,"featured_media":48738,"comment_status":"open","ping_status":"open","sticky":false,"template":"","format":"standard","meta":{"footnotes":""},"categories":[54,40,44],"tags":[],"class_list":["post-48737","post","type-post","status-publish","format-standard","has-post-thumbnail","hentry","category-emigrantes","category-internacionales","category-republica-dominicana"],"_links":{"self":[{"href":"https:\/\/2horizontes.com\/index.php?rest_route=\/wp\/v2\/posts\/48737","targetHints":{"allow":["GET"]}}],"collection":[{"href":"https:\/\/2horizontes.com\/index.php?rest_route=\/wp\/v2\/posts"}],"about":[{"href":"https:\/\/2horizontes.com\/index.php?rest_route=\/wp\/v2\/types\/post"}],"author":[{"embeddable":true,"href":"https:\/\/2horizontes.com\/index.php?rest_route=\/wp\/v2\/users\/7"}],"replies":[{"embeddable":true,"href":"https:\/\/2horizontes.com\/index.php?rest_route=%2Fwp%2Fv2%2Fcomments&post=48737"}],"version-history":[{"count":3,"href":"https:\/\/2horizontes.com\/index.php?rest_route=\/wp\/v2\/posts\/48737\/revisions"}],"predecessor-version":[{"id":48741,"href":"https:\/\/2horizontes.com\/index.php?rest_route=\/wp\/v2\/posts\/48737\/revisions\/48741"}],"wp:featuredmedia":[{"embeddable":true,"href":"https:\/\/2horizontes.com\/index.php?rest_route=\/wp\/v2\/media\/48738"}],"wp:attachment":[{"href":"https:\/\/2horizontes.com\/index.php?rest_route=%2Fwp%2Fv2%2Fmedia&parent=48737"}],"wp:term":[{"taxonomy":"category","embeddable":true,"href":"https:\/\/2horizontes.com\/index.php?rest_route=%2Fwp%2Fv2%2Fcategories&post=48737"},{"taxonomy":"post_tag","embeddable":true,"href":"https:\/\/2horizontes.com\/index.php?rest_route=%2Fwp%2Fv2%2Ftags&post=48737"}],"curies":[{"name":"wp","href":"https:\/\/api.w.org\/{rel}","templated":true}]}}