{"id":48726,"date":"2016-04-26T17:25:03","date_gmt":"2016-04-26T16:25:03","guid":{"rendered":"http:\/\/2horizontes.com\/?p=48726"},"modified":"2016-04-26T17:25:03","modified_gmt":"2016-04-26T16:25:03","slug":"usain-bolt-correra-en-ostrava-en-mayo","status":"publish","type":"post","link":"https:\/\/2horizontes.com\/?p=48726","title":{"rendered":"Usain Bolt correr\u00e1 en Ostrava en mayo"},"content":{"rendered":"<div class=\"detalle-texto\">\n<div class=\"text\">\n<p>PRAGA. Usain Bolt correr\u00e1 los 100 metros en la prueba Golden Spike el 20 de mayo en la ciudad checa de Ostrava.<\/p>\n<p>Los organizadores dijeron que ser\u00e1 la segunda carrera de la temporada para el astro jamaiquino antes de los Juegos Ol\u00edmpicos, y la primera en Europa. Su primera prueba ser\u00e1 el 14 de mayo en las Islas Caim\u00e1n.<\/p>\n<p>Bolt tambi\u00e9n tiene programado correr el 22 de julio en la competencia de la Liga Diamante en Londres, dos semanas antes de la inauguraci\u00f3n de los Juegos.<\/p>\n<\/div>\n<\/div>\n","protected":false},"excerpt":{"rendered":"<p>PRAGA. Usain Bolt correr\u00e1 los 100 metros en la prueba Golden Spike el 20 de mayo en la ciudad checa de Ostrava. Los organizadores dijeron que ser\u00e1 la segunda carrera de la temporada para el astro jamaiquino antes de los Juegos Ol\u00edmpicos, y la primera en Europa. Su primera prueba ser\u00e1 el 14 de mayo [&hellip;]<\/p>\n","protected":false},"author":13240,"featured_media":48728,"comment_status":"open","ping_status":"open","sticky":false,"template":"","format":"standard","meta":{"footnotes":""},"categories":[42,40],"tags":[],"class_list":["post-48726","post","type-post","status-publish","format-standard","has-post-thumbnail","hentry","category-deportes","category-internacionales"],"_links":{"self":[{"href":"https:\/\/2horizontes.com\/index.php?rest_route=\/wp\/v2\/posts\/48726","targetHints":{"allow":["GET"]}}],"collection":[{"href":"https:\/\/2horizontes.com\/index.php?rest_route=\/wp\/v2\/posts"}],"about":[{"href":"https:\/\/2horizontes.com\/index.php?rest_route=\/wp\/v2\/types\/post"}],"author":[{"embeddable":true,"href":"https:\/\/2horizontes.com\/index.php?rest_route=\/wp\/v2\/users\/13240"}],"replies":[{"embeddable":true,"href":"https:\/\/2horizontes.com\/index.php?rest_route=%2Fwp%2Fv2%2Fcomments&post=48726"}],"version-history":[{"count":2,"href":"https:\/\/2horizontes.com\/index.php?rest_route=\/wp\/v2\/posts\/48726\/revisions"}],"predecessor-version":[{"id":48730,"href":"https:\/\/2horizontes.com\/index.php?rest_route=\/wp\/v2\/posts\/48726\/revisions\/48730"}],"wp:featuredmedia":[{"embeddable":true,"href":"https:\/\/2horizontes.com\/index.php?rest_route=\/wp\/v2\/media\/48728"}],"wp:attachment":[{"href":"https:\/\/2horizontes.com\/index.php?rest_route=%2Fwp%2Fv2%2Fmedia&parent=48726"}],"wp:term":[{"taxonomy":"category","embeddable":true,"href":"https:\/\/2horizontes.com\/index.php?rest_route=%2Fwp%2Fv2%2Fcategories&post=48726"},{"taxonomy":"post_tag","embeddable":true,"href":"https:\/\/2horizontes.com\/index.php?rest_route=%2Fwp%2Fv2%2Ftags&post=48726"}],"curies":[{"name":"wp","href":"https:\/\/api.w.org\/{rel}","templated":true}]}}