{"id":48724,"date":"2016-04-26T17:31:45","date_gmt":"2016-04-26T16:31:45","guid":{"rendered":"http:\/\/2horizontes.com\/?p=48724"},"modified":"2016-04-26T17:31:45","modified_gmt":"2016-04-26T16:31:45","slug":"kevin-jonas-sera-padre-por-segunda-vez","status":"publish","type":"post","link":"https:\/\/2horizontes.com\/?p=48724","title":{"rendered":"Kevin Jonas ser\u00e1 padre por segunda vez"},"content":{"rendered":"<div class=\"dropcap prociono\">Kevin Jonas y su esposa Danielle est\u00e1 esperando a su segundo beb\u00e9 que nacer\u00e1 el pr\u00f3ximo invierno.<\/div>\n<div class=\"dropcap prociono\"><\/div>\n<div class=\"dropcap prociono\">Los padres de la peque\u00f1a Alena Rose, de dos a\u00f1os de edad, han aununciado la noticia a tr\u00e1ves de una fotograf\u00eda en Instagram en la que aparecen acostados en la cama y rodeados de comida chatarra mientras que \u00e9l lee un libro sobre la maternidad y el embarazo.<\/div>\n<div class=\"dropcap prociono\"><\/div>\n<div class=\"dropcap prociono\">\u201c\u00a1Prepar\u00e1ndonos para el segundo beb\u00e9!\u201d, escribieron junto a la divertida imagen.<\/div>\n<p>La pareja a\u00f1adi\u00f3 que \u201cestamos muy emocionados de poder compartir la noticia de que estamos esperando una nueva incorporaci\u00f3n a nuestra familia este invierno. Alena est\u00e1 encantada ante la idea de convertirse en hermana mayor y tenemos much\u00edsimas ganas de conocer al nuevo miembro de nuestra familia\u201d, rese\u00f1o <em>People<\/em>.<\/p>\n<div id=\"attachment_106912\" class=\"wp-caption aligncenter\">Los felices padres ya han recibido la felicitaci\u00f3n del hermano de\u00a0Kevin, Nick Jonas<strong>,<\/strong> con quien form\u00f3 el popular grupo \u00abThe Jonas Brothers\u00bb junto a su otro hermano Joe.<\/div>\n<p><strong>\u201c<\/strong>Quiero tant\u00edsimo a esta ni\u00f1a\u2026 Estoy muy contento por mi hermano y mi cu\u00f1ada. Tengo muchas ganas de conocer a mi nuevo sobrino o sobrina\u201d, escribi\u00f3 Nick en su cuenta de Instagram junto a una foto de Alena.<\/p>\n<div id=\"attachment_106911\" class=\"wp-caption aligncenter\">\n<p class=\"wp-caption-text\">Kevin, de 28 a\u00f1os, y\u00a0Danielle,\u00a0de 39, se casaron hace seis a\u00f1os y desde entonces siempre han sido muy sinceros acerca de sus planes para formar una gran familia.<\/p>\n<\/div>\n<div id=\"attachment_106913\" class=\"wp-caption aligncenter\">\u201cSiempre estamos hablando de ese tema, as\u00ed que es algo que est\u00e1 ah\u00ed. \u00a1Alena se est\u00e1 haciendo muy grande! Todo el mundo me dice que se va a hacer mayor, que va a ser muy r\u00e1pido\u2026 Y yo detesto que me lo digan, aunque sea verdad\u201d, asegura Danielle.<\/div>\n<h2 class=\"pg-headline\"><strong>\u00a0<\/strong><\/h2>\n","protected":false},"excerpt":{"rendered":"<p>Kevin Jonas y su esposa Danielle est\u00e1 esperando a su segundo beb\u00e9 que nacer\u00e1 el pr\u00f3ximo invierno. Los padres de la peque\u00f1a Alena Rose, de dos a\u00f1os de edad, han aununciado la noticia a tr\u00e1ves de una fotograf\u00eda en Instagram en la que aparecen acostados en la cama y rodeados de comida chatarra mientras que [&hellip;]<\/p>\n","protected":false},"author":13240,"featured_media":48731,"comment_status":"open","ping_status":"open","sticky":false,"template":"","format":"standard","meta":{"footnotes":""},"categories":[1,40],"tags":[],"class_list":["post-48724","post","type-post","status-publish","format-standard","has-post-thumbnail","hentry","category-entretenimiento","category-internacionales"],"_links":{"self":[{"href":"https:\/\/2horizontes.com\/index.php?rest_route=\/wp\/v2\/posts\/48724","targetHints":{"allow":["GET"]}}],"collection":[{"href":"https:\/\/2horizontes.com\/index.php?rest_route=\/wp\/v2\/posts"}],"about":[{"href":"https:\/\/2horizontes.com\/index.php?rest_route=\/wp\/v2\/types\/post"}],"author":[{"embeddable":true,"href":"https:\/\/2horizontes.com\/index.php?rest_route=\/wp\/v2\/users\/13240"}],"replies":[{"embeddable":true,"href":"https:\/\/2horizontes.com\/index.php?rest_route=%2Fwp%2Fv2%2Fcomments&post=48724"}],"version-history":[{"count":1,"href":"https:\/\/2horizontes.com\/index.php?rest_route=\/wp\/v2\/posts\/48724\/revisions"}],"predecessor-version":[{"id":48732,"href":"https:\/\/2horizontes.com\/index.php?rest_route=\/wp\/v2\/posts\/48724\/revisions\/48732"}],"wp:featuredmedia":[{"embeddable":true,"href":"https:\/\/2horizontes.com\/index.php?rest_route=\/wp\/v2\/media\/48731"}],"wp:attachment":[{"href":"https:\/\/2horizontes.com\/index.php?rest_route=%2Fwp%2Fv2%2Fmedia&parent=48724"}],"wp:term":[{"taxonomy":"category","embeddable":true,"href":"https:\/\/2horizontes.com\/index.php?rest_route=%2Fwp%2Fv2%2Fcategories&post=48724"},{"taxonomy":"post_tag","embeddable":true,"href":"https:\/\/2horizontes.com\/index.php?rest_route=%2Fwp%2Fv2%2Ftags&post=48724"}],"curies":[{"name":"wp","href":"https:\/\/api.w.org\/{rel}","templated":true}]}}