{"id":48632,"date":"2016-04-25T16:02:10","date_gmt":"2016-04-25T15:02:10","guid":{"rendered":"http:\/\/2horizontes.com\/?p=48632"},"modified":"2016-04-25T16:06:44","modified_gmt":"2016-04-25T15:06:44","slug":"la-thalia-de-hoy-y-de-ayer-en-su-nuevo-disco-latina","status":"publish","type":"post","link":"https:\/\/2horizontes.com\/?p=48632","title":{"rendered":"La Thal\u00eda de hoy y de ayer en su nuevo disco \u201cLatina\u201d"},"content":{"rendered":"<div class=\"text\">\n<p>MIAMI. La cantante mexicana Thal\u00eda a\u00fana el presente y el pasado en su nuevo disco \u201cLatina\u201d, en el que se muestra como la mujer que es hoy en d\u00eda y recupera sus ra\u00edces y unos sonidos \u201cm\u00e1s latinos que nunca\u201d.<\/p>\n<p>La artista, quien ha fusionado en su \u00faltima producci\u00f3n lo urbano y lo tropical, el mariachi y el vallenato, quiere mostrar su versi\u00f3n m\u00e1s actual a la vez que rememora la m\u00fasica que \u201co\u00eda en su barrio\u201d.<\/p>\n<p>\u201cEs como presentarme como soy hoy en d\u00eda, la mujer en la cual me he convertido, pero tambi\u00e9n retomando mis ra\u00edces, la m\u00fasica que yo o\u00eda en mi barrio, creciendo en mi colonia, esos ritmos tan nuestros, tan latinos que sal\u00edan por las ventanas \u201c, dijo Thal\u00eda en una entrevista con Efe.<\/p>\n<p>Seg\u00fan la artista, la palabra \u201clatina\u201d, ha estado desde que internacionaliz\u00f3 su carrera muy \u201cpegada\u201d a ella.<\/p>\n<p>Y es que la mexicana solo pod\u00eda entender \u201clatina, M\u00e9xico, m\u00fasica\u201d en los titulares de los medios extranjeros que escrib\u00edan sobre ella.<\/p>\n<p>\u201cEs un t\u00edtulo que se nos dio muy org\u00e1nico, sin pensarlo\u201d, se\u00f1al\u00f3 Thal\u00eda, quien lleva m\u00e1s de un cuarto de siglo en la industria de la m\u00fasica.<\/p>\n<p>Adem\u00e1s, la esposa del empresario musical Tommy Mottola se\u00f1al\u00f3 que el t\u00edtulo de este disco llega en un momento en el que la cultura latinoamericana est\u00e1 en \u201cauge\u201d y la gente quiere \u201cescuchar nuestras propuestas y opiniones\u201d.<\/p>\n<p>\u201cEstamos en el gusto del mundo de una forma muy latente en este momento\u201d, apunt\u00f3 la artista.<\/p>\n<p>Ariadna Thal\u00eda Sodi Miranda, m\u00e1s conocida como Thal\u00eda, considera que en este nuevo \u00e1lbum deja visible su sello de identidad, \u201cla dualidad entre lo rom\u00e1ntico y lo sensual\u201d, que seg\u00fan dice es lo que busca el p\u00fablico en su m\u00fasica.<\/p>\n<div class=\"text\">\n<p>El disco, que se lanza el 6 de mayo, tiene como carta de presentaci\u00f3n el sencillo junto a Maluma \u201cDesde esa noche\u201d, en el que se combina el sonido urbano con la trompeta mexicana y el acorde\u00f3n colombiano.<\/p>\n<p>Este sencillo nace de la necesidad que ten\u00eda la mexicana de un \u201cc\u00f3mplice\u201d.<\/p>\n<p>\u201cEsta canci\u00f3n me pide a un hombre que me est\u00e9 cantando y yo decirle a \u00e9l. Como si estuvi\u00e9ramos los dos en un pimp\u00f3n de una historia de amor\u201d, explic\u00f3 la artista, quien en su \u00e1lbum tambi\u00e9n cuenta con otras colaboraciones como las de OMI, Silvestre Dangond, De La Ghetto y Jacob Forever.<\/p>\n<p>En relaci\u00f3n a estos duetos, la cantante, que ya en ocasiones pasadas colabor\u00f3 con el bachatero Romeo Santos o Pedro Cap\u00f3, confes\u00f3 que estos \u201csurgieron sin buscarlos\u201d, de una manera muy natural.<\/p>\n<p>El disco, que cuenta con una producci\u00f3n internacional, fue grabado en pa\u00edses como M\u00e9xico, Nueva York, Colombia, Miami y Grecia entre otros, lugares donde encontraron \u201csonidos aut\u00e9nticos\u201d.<\/p>\n<p>Siguiendo con su argumentaci\u00f3n, la mexicana adem\u00e1s de mostrarse emocionada con su nuevo lanzamiento, adelant\u00f3 que el disco tiene una \u201camalgama\u201d de sonidos, colores y texturas que lo hacen \u201cdiferente, alegre y positivo\u201d.<\/p>\n<p>A la pregunta de si existe una evoluci\u00f3n despu\u00e9s de 13 \u00e1lbumes de estudio a sus espaldas, la voz de \u201cMe faltas T\u00fa\u201d o \u201cMujer Latina\u201d no quiso hacer comparaciones y se\u00f1al\u00f3 que sus trabajos \u201csiempre fueron controversiales, cada uno en su estilo\u201d.<\/p>\n<p>\u201cCada uno en el momento de la sociedad en el que sali\u00f3 romp\u00eda barreras\u201d, resalt\u00f3 la oriunda de Ciudad de M\u00e9xico.<\/p>\n<p>En el \u00e1mbito personal, Thal\u00eda, a quien hace poco m\u00e1s de 8 a\u00f1os le detectaron la enfermedad de Lyme, comparti\u00f3 hace unas semanas con sus seguidores de Instagram que hab\u00eda sufrido una peque\u00f1a reca\u00edda, aunque manifest\u00f3 estar \u201cestable y bien\u201d.<\/p>\n<p>Consciente de la importancia de esta enfermedad, encuentra cualquier \u201cexcusa\u201d para hablar de ella y sensibilizar as\u00ed a la gente.<\/p>\n<\/div>\n<\/div>\n","protected":false},"excerpt":{"rendered":"<p>MIAMI. La cantante mexicana Thal\u00eda a\u00fana el presente y el pasado en su nuevo disco \u201cLatina\u201d, en el que se muestra como la mujer que es hoy en d\u00eda y recupera sus ra\u00edces y unos sonidos \u201cm\u00e1s latinos que nunca\u201d. La artista, quien ha fusionado en su \u00faltima producci\u00f3n lo urbano y lo tropical, el [&hellip;]<\/p>\n","protected":false},"author":13240,"featured_media":8336,"comment_status":"open","ping_status":"open","sticky":false,"template":"","format":"standard","meta":{"footnotes":""},"categories":[1,40],"tags":[],"class_list":["post-48632","post","type-post","status-publish","format-standard","has-post-thumbnail","hentry","category-entretenimiento","category-internacionales"],"_links":{"self":[{"href":"https:\/\/2horizontes.com\/index.php?rest_route=\/wp\/v2\/posts\/48632","targetHints":{"allow":["GET"]}}],"collection":[{"href":"https:\/\/2horizontes.com\/index.php?rest_route=\/wp\/v2\/posts"}],"about":[{"href":"https:\/\/2horizontes.com\/index.php?rest_route=\/wp\/v2\/types\/post"}],"author":[{"embeddable":true,"href":"https:\/\/2horizontes.com\/index.php?rest_route=\/wp\/v2\/users\/13240"}],"replies":[{"embeddable":true,"href":"https:\/\/2horizontes.com\/index.php?rest_route=%2Fwp%2Fv2%2Fcomments&post=48632"}],"version-history":[{"count":2,"href":"https:\/\/2horizontes.com\/index.php?rest_route=\/wp\/v2\/posts\/48632\/revisions"}],"predecessor-version":[{"id":48638,"href":"https:\/\/2horizontes.com\/index.php?rest_route=\/wp\/v2\/posts\/48632\/revisions\/48638"}],"wp:featuredmedia":[{"embeddable":true,"href":"https:\/\/2horizontes.com\/index.php?rest_route=\/wp\/v2\/media\/8336"}],"wp:attachment":[{"href":"https:\/\/2horizontes.com\/index.php?rest_route=%2Fwp%2Fv2%2Fmedia&parent=48632"}],"wp:term":[{"taxonomy":"category","embeddable":true,"href":"https:\/\/2horizontes.com\/index.php?rest_route=%2Fwp%2Fv2%2Fcategories&post=48632"},{"taxonomy":"post_tag","embeddable":true,"href":"https:\/\/2horizontes.com\/index.php?rest_route=%2Fwp%2Fv2%2Ftags&post=48632"}],"curies":[{"name":"wp","href":"https:\/\/api.w.org\/{rel}","templated":true}]}}