{"id":48611,"date":"2016-04-25T11:41:09","date_gmt":"2016-04-25T10:41:09","guid":{"rendered":"http:\/\/2horizontes.com\/?p=48611"},"modified":"2016-04-25T11:41:09","modified_gmt":"2016-04-25T10:41:09","slug":"un-guardia-civil-dispara-y-mata-a-un-hombre-tras-una-discusion-de-trafico","status":"publish","type":"post","link":"https:\/\/2horizontes.com\/?p=48611","title":{"rendered":"Un guardia civil dispara y mata a un hombre tras una discusi\u00f3n de tr\u00e1fico"},"content":{"rendered":"<p>Un hombre ha fallecido este lunes a causa de disparos en la cabeza efectuados por otro var\u00f3n, un guardia civil de 31 a\u00f1os destinado en Quintanar de la Orden. El suceso ha ocurrido tras un accidente entre dos turismo en el kil\u00f3metro 68 de la A-3, a la altura de Fuentidue\u00f1a del Tajo, seg\u00fan han indicado desde Instituto Armado y desde Emergencias 112 Comunidad de Madrid. El agente ha sido detenido.<\/p>\n<p>Las mismas fuentes han indicado que todo apunta a una discusi\u00f3n entre ambos tras el accidente de tr\u00e1fico, seg\u00fan las primeras pesquisas. El agresor ha descendido de un BMW y se ha dirigido al conductor de un Opel Zafira, a quien ha alcanzado varias veces en la cabeza. El fallecido es un hombre de nacionalidad marroqu\u00ed de unos 39 a\u00f1os y residente en la localidad de Illescas. Presenta al menos cinco impactos de bala en el cr\u00e1neo.<\/p>\n<p>Al parecer, el guardia civil que ha disparado estaba de baja por enfermedad com\u00fan desde hace seis d\u00edas. Fuentes de la investigaci\u00f3n matizan que esta baja m\u00e9dica, que ten\u00eda desde el pasado martes, d\u00eda 19, no tiene relaci\u00f3n con ninguna patolog\u00eda psicol\u00f3gica, lo que implicar\u00eda la retirada del arma reglamentaria.<\/p>\n<p>Fuentes de Emergencias 112 han indicado que la primera llamada de aviso se produjo a las 7.33 horas en el kil\u00f3metro 68 de la A-3 sentido salida. Los efectivos del SUMMA se desplazaron a la zona pero debido a las lesiones, puesto que los disparos se concentran en la zona de la cabeza, \u00fanicamente pudieron confirmar el fallecimiento.<\/p>\n","protected":false},"excerpt":{"rendered":"<p>Un hombre ha fallecido este lunes a causa de disparos en la cabeza efectuados por otro var\u00f3n, un guardia civil de 31 a\u00f1os destinado en Quintanar de la Orden. El suceso ha ocurrido tras un accidente entre dos turismo en el kil\u00f3metro 68 de la A-3, a la altura de Fuentidue\u00f1a del Tajo, seg\u00fan han [&hellip;]<\/p>\n","protected":false},"author":3,"featured_media":48613,"comment_status":"open","ping_status":"open","sticky":false,"template":"","format":"standard","meta":{"footnotes":""},"categories":[85],"tags":[],"class_list":["post-48611","post","type-post","status-publish","format-standard","has-post-thumbnail","hentry","category-espana"],"_links":{"self":[{"href":"https:\/\/2horizontes.com\/index.php?rest_route=\/wp\/v2\/posts\/48611","targetHints":{"allow":["GET"]}}],"collection":[{"href":"https:\/\/2horizontes.com\/index.php?rest_route=\/wp\/v2\/posts"}],"about":[{"href":"https:\/\/2horizontes.com\/index.php?rest_route=\/wp\/v2\/types\/post"}],"author":[{"embeddable":true,"href":"https:\/\/2horizontes.com\/index.php?rest_route=\/wp\/v2\/users\/3"}],"replies":[{"embeddable":true,"href":"https:\/\/2horizontes.com\/index.php?rest_route=%2Fwp%2Fv2%2Fcomments&post=48611"}],"version-history":[{"count":1,"href":"https:\/\/2horizontes.com\/index.php?rest_route=\/wp\/v2\/posts\/48611\/revisions"}],"predecessor-version":[{"id":48614,"href":"https:\/\/2horizontes.com\/index.php?rest_route=\/wp\/v2\/posts\/48611\/revisions\/48614"}],"wp:featuredmedia":[{"embeddable":true,"href":"https:\/\/2horizontes.com\/index.php?rest_route=\/wp\/v2\/media\/48613"}],"wp:attachment":[{"href":"https:\/\/2horizontes.com\/index.php?rest_route=%2Fwp%2Fv2%2Fmedia&parent=48611"}],"wp:term":[{"taxonomy":"category","embeddable":true,"href":"https:\/\/2horizontes.com\/index.php?rest_route=%2Fwp%2Fv2%2Fcategories&post=48611"},{"taxonomy":"post_tag","embeddable":true,"href":"https:\/\/2horizontes.com\/index.php?rest_route=%2Fwp%2Fv2%2Ftags&post=48611"}],"curies":[{"name":"wp","href":"https:\/\/api.w.org\/{rel}","templated":true}]}}