{"id":48604,"date":"2016-04-25T11:14:18","date_gmt":"2016-04-25T10:14:18","guid":{"rendered":"http:\/\/2horizontes.com\/?p=48604"},"modified":"2016-04-25T11:14:18","modified_gmt":"2016-04-25T10:14:18","slug":"ee-uu-enviara-250-fuerzas-especiales-adicionales-a-siria","status":"publish","type":"post","link":"https:\/\/2horizontes.com\/?p=48604","title":{"rendered":"EE.UU. enviar\u00e1 250 fuerzas especiales adicionales a Siria"},"content":{"rendered":"<p><strong>(CNN) &#8211;<\/strong><\/p>\n<p>EE.UU.- Se espera que el presidente Barack Obama anuncie este lunes el env\u00edo a Siria de un adicional de 250 fuerzas de operaciones especiales en las pr\u00f3ximas semanas, seg\u00fan dos funcionarios estadounidenses.\u00a0El esperado anuncio llegar\u00e1 durante la visita del mandatario a Alemania.<span id=\"more-279985\"><\/span><\/p>\n<p>Las tropas expandir\u00e1n los esfuerzos en curso de Estados Unidos para traer a m\u00e1s combatientes \u00e1rabes sirios las unidades apoyadas por EE.UU. en el norte de Siria, dijo uno de los funcionarios.<\/p>\n<div class=\"ym-wrapper\"><\/div>\n<p>Uno de los funcionarios hizo hincapi\u00e9 en que las fuerzas adicionales dar\u00e1n asistencia a las fuerzas que operan en el \u00e1rea, que EE.UU. espera puedan fortalecerse y recuperar el territorio alrededor de Raqqa, capital de facto de ISIS.<\/p>\n<p>No se espera que estas tropas participen en operaciones de combate, pero estar\u00e1n armados para defenderse, dijo un funcionario.<\/p>\n<p>Los nuevos efectivos se sumar\u00e1n a 50 fuerzas de operaciones especiales de Estados Unidos que llevan en Siria varios meses.<\/p>\n","protected":false},"excerpt":{"rendered":"<p>(CNN) &#8211; EE.UU.- Se espera que el presidente Barack Obama anuncie este lunes el env\u00edo a Siria de un adicional de 250 fuerzas de operaciones especiales en las pr\u00f3ximas semanas, seg\u00fan dos funcionarios estadounidenses.\u00a0El esperado anuncio llegar\u00e1 durante la visita del mandatario a Alemania. Las tropas expandir\u00e1n los esfuerzos en curso de Estados Unidos para [&hellip;]<\/p>\n","protected":false},"author":7,"featured_media":48605,"comment_status":"open","ping_status":"open","sticky":false,"template":"","format":"standard","meta":{"footnotes":""},"categories":[40,43],"tags":[],"class_list":["post-48604","post","type-post","status-publish","format-standard","has-post-thumbnail","hentry","category-internacionales","category-politica"],"_links":{"self":[{"href":"https:\/\/2horizontes.com\/index.php?rest_route=\/wp\/v2\/posts\/48604","targetHints":{"allow":["GET"]}}],"collection":[{"href":"https:\/\/2horizontes.com\/index.php?rest_route=\/wp\/v2\/posts"}],"about":[{"href":"https:\/\/2horizontes.com\/index.php?rest_route=\/wp\/v2\/types\/post"}],"author":[{"embeddable":true,"href":"https:\/\/2horizontes.com\/index.php?rest_route=\/wp\/v2\/users\/7"}],"replies":[{"embeddable":true,"href":"https:\/\/2horizontes.com\/index.php?rest_route=%2Fwp%2Fv2%2Fcomments&post=48604"}],"version-history":[{"count":1,"href":"https:\/\/2horizontes.com\/index.php?rest_route=\/wp\/v2\/posts\/48604\/revisions"}],"predecessor-version":[{"id":48606,"href":"https:\/\/2horizontes.com\/index.php?rest_route=\/wp\/v2\/posts\/48604\/revisions\/48606"}],"wp:featuredmedia":[{"embeddable":true,"href":"https:\/\/2horizontes.com\/index.php?rest_route=\/wp\/v2\/media\/48605"}],"wp:attachment":[{"href":"https:\/\/2horizontes.com\/index.php?rest_route=%2Fwp%2Fv2%2Fmedia&parent=48604"}],"wp:term":[{"taxonomy":"category","embeddable":true,"href":"https:\/\/2horizontes.com\/index.php?rest_route=%2Fwp%2Fv2%2Fcategories&post=48604"},{"taxonomy":"post_tag","embeddable":true,"href":"https:\/\/2horizontes.com\/index.php?rest_route=%2Fwp%2Fv2%2Ftags&post=48604"}],"curies":[{"name":"wp","href":"https:\/\/api.w.org\/{rel}","templated":true}]}}