{"id":48597,"date":"2016-04-25T11:06:23","date_gmt":"2016-04-25T10:06:23","guid":{"rendered":"http:\/\/2horizontes.com\/?p=48597"},"modified":"2016-04-25T11:06:44","modified_gmt":"2016-04-25T10:06:44","slug":"se-registra-un-sismo-de-magnitud-56-en-el-sur-de-mexico","status":"publish","type":"post","link":"https:\/\/2horizontes.com\/?p=48597","title":{"rendered":"Se registra un sismo de magnitud 5,6 en el sur de M\u00e9xico"},"content":{"rendered":"<p><strong>(CNN Espa\u00f1ol) &#8211;<\/strong><\/p>\n<p>M\u00e9xico.- Un sismo de magnitud 5,6 se registr\u00f3 en la madrugada de este lunes (local) cerca de la costa de Chiapas, en el sur de M\u00e9xico, seg\u00fan el Servicio Geol\u00f3gico de Estados Unidos (USGS, por sus siglas en ingl\u00e9s).<\/p>\n<p>El sismo se registr\u00f3 a 81 kil\u00f3metros al suroeste de Puerto Madero, y a una profundidad de 25,5 kil\u00f3metros, seg\u00fan el USGS.<\/p>\n<div class=\"ym-wrapper\"><\/div>\n<p>Por el momento no hay reporte de da\u00f1os.<\/p>\n","protected":false},"excerpt":{"rendered":"<p>(CNN Espa\u00f1ol) &#8211; M\u00e9xico.- Un sismo de magnitud 5,6 se registr\u00f3 en la madrugada de este lunes (local) cerca de la costa de Chiapas, en el sur de M\u00e9xico, seg\u00fan el Servicio Geol\u00f3gico de Estados Unidos (USGS, por sus siglas en ingl\u00e9s). El sismo se registr\u00f3 a 81 kil\u00f3metros al suroeste de Puerto Madero, y [&hellip;]<\/p>\n","protected":false},"author":7,"featured_media":48598,"comment_status":"open","ping_status":"open","sticky":false,"template":"","format":"standard","meta":{"footnotes":""},"categories":[40],"tags":[],"class_list":["post-48597","post","type-post","status-publish","format-standard","has-post-thumbnail","hentry","category-internacionales"],"_links":{"self":[{"href":"https:\/\/2horizontes.com\/index.php?rest_route=\/wp\/v2\/posts\/48597","targetHints":{"allow":["GET"]}}],"collection":[{"href":"https:\/\/2horizontes.com\/index.php?rest_route=\/wp\/v2\/posts"}],"about":[{"href":"https:\/\/2horizontes.com\/index.php?rest_route=\/wp\/v2\/types\/post"}],"author":[{"embeddable":true,"href":"https:\/\/2horizontes.com\/index.php?rest_route=\/wp\/v2\/users\/7"}],"replies":[{"embeddable":true,"href":"https:\/\/2horizontes.com\/index.php?rest_route=%2Fwp%2Fv2%2Fcomments&post=48597"}],"version-history":[{"count":2,"href":"https:\/\/2horizontes.com\/index.php?rest_route=\/wp\/v2\/posts\/48597\/revisions"}],"predecessor-version":[{"id":48600,"href":"https:\/\/2horizontes.com\/index.php?rest_route=\/wp\/v2\/posts\/48597\/revisions\/48600"}],"wp:featuredmedia":[{"embeddable":true,"href":"https:\/\/2horizontes.com\/index.php?rest_route=\/wp\/v2\/media\/48598"}],"wp:attachment":[{"href":"https:\/\/2horizontes.com\/index.php?rest_route=%2Fwp%2Fv2%2Fmedia&parent=48597"}],"wp:term":[{"taxonomy":"category","embeddable":true,"href":"https:\/\/2horizontes.com\/index.php?rest_route=%2Fwp%2Fv2%2Fcategories&post=48597"},{"taxonomy":"post_tag","embeddable":true,"href":"https:\/\/2horizontes.com\/index.php?rest_route=%2Fwp%2Fv2%2Ftags&post=48597"}],"curies":[{"name":"wp","href":"https:\/\/api.w.org\/{rel}","templated":true}]}}