{"id":48582,"date":"2016-04-25T10:48:01","date_gmt":"2016-04-25T09:48:01","guid":{"rendered":"http:\/\/2horizontes.com\/?p=48582"},"modified":"2016-04-25T10:48:01","modified_gmt":"2016-04-25T09:48:01","slug":"familia-peruana-recorre-a-latina-en-la-casa-rodante-mas-pequena-del-mundo","status":"publish","type":"post","link":"https:\/\/2horizontes.com\/?p=48582","title":{"rendered":"Familia peruana recorre A.Latina en \u00abla casa rodante m\u00e1s peque\u00f1a del mundo\u00bb"},"content":{"rendered":"<div id=\"ArticleAuthorDiv\" class=\"article-body-author\"><b>EFE | Jacinta Rivera Trobo<\/b><\/div>\n<div id=\"ArticleSourceDiv\" class=\"article-body-author\"><b>Montevideo<\/b><\/div>\n<div id=\"ArticleBody\">\n<p>Conexi\u00f3n a internet, televisi\u00f3n, cocina, un retrete y hasta un pez como mascota tienen cabida en un particular Volkswagen Fusca, \u00abla casa rodante m\u00e1s peque\u00f1a del mundo\u00bb seg\u00fan una familia peruana que lleg\u00f3 estos d\u00edas a Montevideo tras m\u00e1s de un a\u00f1o viajando desde su pa\u00eds.<\/p>\n<p>Javier Miller Regalado, junto a su esposa Miria y su hija de 14 meses Shalom, son los protagonistas de esta singular aventura sobre ruedas. Su objetivo: llegar a Washington tras recorrer todos los pa\u00edses de Am\u00e9rica.<\/p>\n<p>\u00abDe Buenos Aires voy a pasar a Santiago de Chile, de Chile voy a pasar de nuevo a Bolivia, de Bolivia voy a estar en el Per\u00fa, de Per\u00fa paso a Ecuador, Colombia, Costa Rica, Panam\u00e1, Nicaragua, Salvador, Honduras, M\u00e9xico, despu\u00e9s entro a los Estados Unidos\u00bb, enumera Javier.<\/p>\n<p>Si bien no es reconocida como tal en el libro Guinnes, \u00abla casa rodante m\u00e1s peque\u00f1a del mundo\u00bb, como les gusta denominar a \u00abDon Julio\u00bb, su peque\u00f1o auto, es, adem\u00e1s de un Fusca, un camale\u00f3nico espacio del que surgen una sala de estar para ver la tele, un comedor, un cuarto de ba\u00f1o para ducharse y un dormitorio donde descansar cada noche durante esta \u00abquijotesca\u00bb haza\u00f1a.<\/p>\n<p>Algo que a simple vista parece imposible, dado que el espacio en el interior del veh\u00edculo es de poco m\u00e1s de dos metros cuadrados, toma forma mediante un estudiado sistema de engranajes que permite girar los asientos, convertirlos en cama y adaptar el espacio a todas sus necesidades.<\/p>\n<p>\u00abFueron muchas pruebas y mejoras\u00bb, explica Javier, quien hace cuatro a\u00f1os puso todo su ingenio a trabajar para convertir a su viejo auto en un veh\u00edculo vers\u00e1til en el que recorrer el mundo.<\/p>\n<p>Todo surgi\u00f3 despu\u00e9s de leer un art\u00edculo en el que un periodista aseguraba que los latinoamericanos que menos viajaban en auto eran los peruanos y bolivianos.<\/p>\n<p>\u00abQuer\u00edamos romper el mito, dejar el nombre de Per\u00fa bien alto\u00bb, dice con orgullo el creador de esta casa rodante.<\/p>\n<p>Viajan sin cronograma y se dan \u00abel tiempo de vivir en cada lugar\u00bb para \u00abconocer y ayudar a las personas\u00bb, aseguran.<\/p>\n<p>Un viaje sin demasiada planificaci\u00f3n, sin una fecha tope y con una hija de poco m\u00e1s de un a\u00f1o, algo que a muchos les generar\u00eda estr\u00e9s, es una forma de vida para esta familia que asegura \u00abno preocuparse por el ma\u00f1ana\u00bb y solo ocuparse de \u00abconseguir el dinero para llegar al siguiente pueblo\u00bb.<\/p>\n<p>\u00abImagina que desde Per\u00fa hasta R\u00edo de Janeiro eran como tres mil d\u00f3lares en comida, gasolina, mantenimiento y peajes para llegar\u00bb calcula el conductor, quien bromea mientras recuerda que entraron \u00aba Brasil con 2 d\u00f3lares\u00bb.<\/p>\n<p>Durante esta traves\u00eda han pasado por situaciones dif\u00edciles, sobre todo cuando enfrentan alg\u00fan problema mec\u00e1nico del auto o cuando el clima no acompa\u00f1a, pero rescatan que \u00absiempre\u00bb encuentran personas que los ayudan e incentivan a seguir, una especie de \u00abkarma\u00bb en el que esta familia conf\u00eda.<\/p>\n<p>Javier recuerda como en plena selva amaz\u00f3nica se estrope\u00f3 la distribuci\u00f3n de \u00abDon Julio\u00bb y estuvo cuatro horas sin saber qu\u00e9 hacer o c\u00f3mo solucionar el imprevisto.<\/p>\n<p>Justo en ese momento aparecieron varios indios, entre ellos el cacique de la tribu de la zona, quien, tras preguntarles si ten\u00edan hambre, les ofreci\u00f3 comida y los ayud\u00f3 a contactar con el poblado m\u00e1s cercano.<\/p>\n<p>\u00abEntr\u00f3, sac\u00f3 un animal y nos alimentamos dos d\u00edas con eso\u00bb, explica todav\u00eda incr\u00e9dulo y agradecido Javier.<\/p>\n<p>Durante el camino ven\u00edan buscando una \u00abchispa\u00bb que le diese \u00abm\u00e1s brillo\u00bb al viaje. \u00c9sta surgi\u00f3 durante el \u00faltimo enfrentamiento futbol\u00edstico entre Per\u00fa y Uruguay.<\/p>\n<p>Javier recuerda que aquella noche empez\u00f3 a recibir muchos mensajes de sus amigos, asombrados con la actitud de los uruguayos que no silbaron mientras sonaba el himno peruano al comienzo de encuentro.<\/p>\n<p>\u00abUruguay hizo algo que impact\u00f3 al Per\u00fa, respet\u00f3 nuestro himno. Esto no lo ha hecho nadie\u00bb, asegura Javier.<\/p>\n<p>A ra\u00edz de este gesto surgi\u00f3 el que hoy es el objetivo principal de este viaje, el proyecto \u00abYo respeto tu himno\u00bb que ser\u00e1 promocionado en toda Am\u00e9rica.<\/p>\n<p>Javier quiere recoger un mill\u00f3n de firmas empezando por la del presidente uruguayo, Tabar\u00e9 V\u00e1zquez, a quien le escribi\u00f3 una carta solicitando su apoyo en esta nueva gesta por la convivencia y el respeto entre los pueblos.<\/p>\n<p>Despu\u00e9s piensa ir al resto de presidentes y pueblos de Suram\u00e9rica buscando el apoyo en esta causa.<\/p>\n<p>\u00abLo mismo voy a hacer con Macri (presidente de Argentina), lo mismo voy a hacer con Bachelet en Chile y con los peruanos, porque ellos est\u00e1n muy agradecidos\u00bb, planifica el creador de esta casa rodante.<\/p>\n<p>Por ahora, esta familia peruana est\u00e1 consiguiendo que el afamado fusca celeste del expresidente Jos\u00e9 \u00abPepe\u00bb Mujica, no sea el \u00fanico c\u00e9lebre en Uruguay.<\/p>\n<\/div>\n","protected":false},"excerpt":{"rendered":"<p>EFE | Jacinta Rivera Trobo Montevideo Conexi\u00f3n a internet, televisi\u00f3n, cocina, un retrete y hasta un pez como mascota tienen cabida en un particular Volkswagen Fusca, \u00abla casa rodante m\u00e1s peque\u00f1a del mundo\u00bb seg\u00fan una familia peruana que lleg\u00f3 estos d\u00edas a Montevideo tras m\u00e1s de un a\u00f1o viajando desde su pa\u00eds. Javier Miller Regalado, [&hellip;]<\/p>\n","protected":false},"author":7,"featured_media":48583,"comment_status":"open","ping_status":"open","sticky":false,"template":"","format":"standard","meta":{"footnotes":""},"categories":[40],"tags":[],"class_list":["post-48582","post","type-post","status-publish","format-standard","has-post-thumbnail","hentry","category-internacionales"],"_links":{"self":[{"href":"https:\/\/2horizontes.com\/index.php?rest_route=\/wp\/v2\/posts\/48582","targetHints":{"allow":["GET"]}}],"collection":[{"href":"https:\/\/2horizontes.com\/index.php?rest_route=\/wp\/v2\/posts"}],"about":[{"href":"https:\/\/2horizontes.com\/index.php?rest_route=\/wp\/v2\/types\/post"}],"author":[{"embeddable":true,"href":"https:\/\/2horizontes.com\/index.php?rest_route=\/wp\/v2\/users\/7"}],"replies":[{"embeddable":true,"href":"https:\/\/2horizontes.com\/index.php?rest_route=%2Fwp%2Fv2%2Fcomments&post=48582"}],"version-history":[{"count":1,"href":"https:\/\/2horizontes.com\/index.php?rest_route=\/wp\/v2\/posts\/48582\/revisions"}],"predecessor-version":[{"id":48584,"href":"https:\/\/2horizontes.com\/index.php?rest_route=\/wp\/v2\/posts\/48582\/revisions\/48584"}],"wp:featuredmedia":[{"embeddable":true,"href":"https:\/\/2horizontes.com\/index.php?rest_route=\/wp\/v2\/media\/48583"}],"wp:attachment":[{"href":"https:\/\/2horizontes.com\/index.php?rest_route=%2Fwp%2Fv2%2Fmedia&parent=48582"}],"wp:term":[{"taxonomy":"category","embeddable":true,"href":"https:\/\/2horizontes.com\/index.php?rest_route=%2Fwp%2Fv2%2Fcategories&post=48582"},{"taxonomy":"post_tag","embeddable":true,"href":"https:\/\/2horizontes.com\/index.php?rest_route=%2Fwp%2Fv2%2Ftags&post=48582"}],"curies":[{"name":"wp","href":"https:\/\/api.w.org\/{rel}","templated":true}]}}