{"id":48519,"date":"2016-04-23T21:30:51","date_gmt":"2016-04-23T20:30:51","guid":{"rendered":"http:\/\/2horizontes.com\/?p=48519"},"modified":"2016-04-23T21:30:51","modified_gmt":"2016-04-23T20:30:51","slug":"juez-federal-ordena-a-gobierno-de-puerto-rico-pagar-facturas","status":"publish","type":"post","link":"https:\/\/2horizontes.com\/?p=48519","title":{"rendered":"Juez federal ordena a gobierno de Puerto Rico pagar facturas"},"content":{"rendered":"<div class=\"detalle-texto\">\n<div class=\"text\">\n<p><b>PUERTO RICO.<\/b> Un juez federal orden\u00f3 el viernes al gobierno de Puerto Rico, escaso de dinero, que pague inmediatamente facturas vencidas hace mucho tiempo que el Departamento de Salud debe a compa\u00f1\u00edas que atienden a personas con discapacidad mental en el territorio estadounidense.<\/p>\n<p>El juez federal de distrito Gustavo Gelpi dijo que su orden parec\u00eda ser la \u00fanica manera de proteger los derechos de una poblaci\u00f3n con necesidades especiales en medio de un empeoramiento de la crisis econ\u00f3mica.<\/p>\n<p>\u201cDe lo contrario, los efectos para estos individuos ser\u00e1n devastadores e irreparables\u201d, escribi\u00f3 en la orden, la cual est\u00e1 vinculada a una batalla jur\u00eddica de 12 a\u00f1os en la cual el gobierno federal busc\u00f3 mejorar el sistema de salud de Puerto Rico para los discapacitados mentales.<\/p>\n<p>Gelpi orden\u00f3 adem\u00e1s una reuni\u00f3n de emergencia con funcionarios gubernamentales de alto rango la pr\u00f3xima semana y advirti\u00f3 que tomar\u00e1 medidas adicionales si no se resuelve la situaci\u00f3n.<\/p>\n<p>\u201cLas partes est\u00e1n invitadas a ser tan creativas como sea posible\u201d, escribi\u00f3 el juez.<\/p>\n<p>Yaritza Ortiz, una vocera del Departamento de Salud de Puerto Rico, dijo a The Associated Press que la agencia emitir\u00e1 el lunes y martes cheques a proveedores. Rechaz\u00f3 hacer m\u00e1s comentarios y no proporcion\u00f3 otros detalles, incluida la cifra total de dinero que ser\u00eda desembolsada y a cu\u00e1ntas compa\u00f1\u00edas se pagar\u00eda.<\/p>\n<p>La orden llega en momentos que el gobierno de la isla se est\u00e1 quedando sin dinero y enfrenta la carga de una deuda p\u00fablica de 70.000 millones de d\u00f3lares que el gobernador ha dicho que es impagable y necesita ser reestructurada. Agencias p\u00fablicas, incluido el Departamento de Salud, est\u00e1n siendo obligadas cada vez m\u00e1s a decidir c\u00f3mo utilizar\u00e1n un ingreso que sigue disminuyendo, lo que ha dado como resultado que decenas de proveedores del gobierno no reciban pagos durante meses.<\/p>\n<p>La crisis econ\u00f3mica ha puesto en duda las venideras elecciones primarias dem\u00f3cratas en Puerto Rico.<\/p>\n<p>La Comisi\u00f3n Electoral del territorio realiz\u00f3 el viernes una reuni\u00f3n de emergencia debido a que el Departamento del Tesoro no ha liberado tres millones de d\u00f3lares necesarios para imprimir las boletas y pagar por las m\u00e1quinas contabilizadoras de votos para las elecciones del 5 de junio, en las cuales los dem\u00f3cratas de Puerto Rico elegir\u00e1n a 67 delegados.<\/p>\n<p>\u201cEsta situaci\u00f3n es intolerable\u201d, dijo la directora de la comisi\u00f3n Liza Garc\u00eda, quien agreg\u00f3 que el organismo se est\u00e1 quedando sin tiempo y que ella est\u00e1 sopesando acudir a los tribunales para forzar el pago.<\/p>\n<p>El Departamento del Tesoro de Puerto Rico ha dicho que liberar\u00e1 el dinero hasta la pr\u00f3xima semana.<\/p>\n<p>Mientras tanto, el Congreso de Estados Unidos ha retardado la acci\u00f3n sobre una iniciativa de ley para la reestructuraci\u00f3n de la deuda de Puerto Rico que est\u00e1 siendo redactada nuevamente despu\u00e9s de que no alcanz\u00f3 los votos necesarios la semana pasada<\/p>\n<\/div>\n<\/div>\n","protected":false},"excerpt":{"rendered":"<p>PUERTO RICO. Un juez federal orden\u00f3 el viernes al gobierno de Puerto Rico, escaso de dinero, que pague inmediatamente facturas vencidas hace mucho tiempo que el Departamento de Salud debe a compa\u00f1\u00edas que atienden a personas con discapacidad mental en el territorio estadounidense. El juez federal de distrito Gustavo Gelpi dijo que su orden parec\u00eda [&hellip;]<\/p>\n","protected":false},"author":13240,"featured_media":48520,"comment_status":"open","ping_status":"open","sticky":false,"template":"","format":"standard","meta":{"footnotes":""},"categories":[63,40],"tags":[],"class_list":["post-48519","post","type-post","status-publish","format-standard","has-post-thumbnail","hentry","category-economia","category-internacionales"],"_links":{"self":[{"href":"https:\/\/2horizontes.com\/index.php?rest_route=\/wp\/v2\/posts\/48519","targetHints":{"allow":["GET"]}}],"collection":[{"href":"https:\/\/2horizontes.com\/index.php?rest_route=\/wp\/v2\/posts"}],"about":[{"href":"https:\/\/2horizontes.com\/index.php?rest_route=\/wp\/v2\/types\/post"}],"author":[{"embeddable":true,"href":"https:\/\/2horizontes.com\/index.php?rest_route=\/wp\/v2\/users\/13240"}],"replies":[{"embeddable":true,"href":"https:\/\/2horizontes.com\/index.php?rest_route=%2Fwp%2Fv2%2Fcomments&post=48519"}],"version-history":[{"count":1,"href":"https:\/\/2horizontes.com\/index.php?rest_route=\/wp\/v2\/posts\/48519\/revisions"}],"predecessor-version":[{"id":48521,"href":"https:\/\/2horizontes.com\/index.php?rest_route=\/wp\/v2\/posts\/48519\/revisions\/48521"}],"wp:featuredmedia":[{"embeddable":true,"href":"https:\/\/2horizontes.com\/index.php?rest_route=\/wp\/v2\/media\/48520"}],"wp:attachment":[{"href":"https:\/\/2horizontes.com\/index.php?rest_route=%2Fwp%2Fv2%2Fmedia&parent=48519"}],"wp:term":[{"taxonomy":"category","embeddable":true,"href":"https:\/\/2horizontes.com\/index.php?rest_route=%2Fwp%2Fv2%2Fcategories&post=48519"},{"taxonomy":"post_tag","embeddable":true,"href":"https:\/\/2horizontes.com\/index.php?rest_route=%2Fwp%2Fv2%2Ftags&post=48519"}],"curies":[{"name":"wp","href":"https:\/\/api.w.org\/{rel}","templated":true}]}}