{"id":48510,"date":"2016-04-23T21:18:26","date_gmt":"2016-04-23T20:18:26","guid":{"rendered":"http:\/\/2horizontes.com\/?p=48510"},"modified":"2016-04-23T21:18:26","modified_gmt":"2016-04-23T20:18:26","slug":"danilo-medina-llama-al-pais-a-acudir-temprano-a-votar-el-15-de-mayo","status":"publish","type":"post","link":"https:\/\/2horizontes.com\/?p=48510","title":{"rendered":"Danilo Medina llama al pa\u00eds a acudir temprano a votar el 15 de mayo"},"content":{"rendered":"<div class=\"detalle-texto\">\n<div class=\"text\">\n<p>PADRE LAS CASAS, Azua. El presidente de la Rep\u00fablica, Danilo Medina, exhort\u00f3 esta tarde a los pelede\u00edstas de esta provincia y al pa\u00eds a acudir temprano a votar por los candidatos a senadores, diputados, s\u00edndicos y regidores el pr\u00f3ximo 15 de mayo.<\/p>\n<p>\u201cQue se levanten sedientos a votar\u201d, dijo el mandatario al iniciar la caravana que lo lleva por varias comunidades.<\/p>\n<p>Medina prometi\u00f3 que en su pr\u00f3ximo Gobierno reconstruir\u00e1 la carretera Bohech\u00edo, Guayabal, La Hacienda y La Laguna.<\/p>\n<p>Tambi\u00e9n dijo que en la pr\u00f3xima administraci\u00f3n seguir\u00e1 sacando a m\u00e1s dominicanos de la pobreza.<\/p>\n<p>Medina ya ha recorrido las comunidades Padre las Casas, Las Yayas y Ganara Abajo. En esta \u00faltima la gente se coloc\u00f3 delante de la yipeta en la que se desplazaba para saludarlo.<\/p>\n<\/div>\n<\/div>\n","protected":false},"excerpt":{"rendered":"<p>PADRE LAS CASAS, Azua. El presidente de la Rep\u00fablica, Danilo Medina, exhort\u00f3 esta tarde a los pelede\u00edstas de esta provincia y al pa\u00eds a acudir temprano a votar por los candidatos a senadores, diputados, s\u00edndicos y regidores el pr\u00f3ximo 15 de mayo. \u201cQue se levanten sedientos a votar\u201d, dijo el mandatario al iniciar la caravana [&hellip;]<\/p>\n","protected":false},"author":13240,"featured_media":48512,"comment_status":"open","ping_status":"open","sticky":false,"template":"","format":"standard","meta":{"footnotes":""},"categories":[43,44],"tags":[],"class_list":["post-48510","post","type-post","status-publish","format-standard","has-post-thumbnail","hentry","category-politica","category-republica-dominicana"],"_links":{"self":[{"href":"https:\/\/2horizontes.com\/index.php?rest_route=\/wp\/v2\/posts\/48510","targetHints":{"allow":["GET"]}}],"collection":[{"href":"https:\/\/2horizontes.com\/index.php?rest_route=\/wp\/v2\/posts"}],"about":[{"href":"https:\/\/2horizontes.com\/index.php?rest_route=\/wp\/v2\/types\/post"}],"author":[{"embeddable":true,"href":"https:\/\/2horizontes.com\/index.php?rest_route=\/wp\/v2\/users\/13240"}],"replies":[{"embeddable":true,"href":"https:\/\/2horizontes.com\/index.php?rest_route=%2Fwp%2Fv2%2Fcomments&post=48510"}],"version-history":[{"count":1,"href":"https:\/\/2horizontes.com\/index.php?rest_route=\/wp\/v2\/posts\/48510\/revisions"}],"predecessor-version":[{"id":48513,"href":"https:\/\/2horizontes.com\/index.php?rest_route=\/wp\/v2\/posts\/48510\/revisions\/48513"}],"wp:featuredmedia":[{"embeddable":true,"href":"https:\/\/2horizontes.com\/index.php?rest_route=\/wp\/v2\/media\/48512"}],"wp:attachment":[{"href":"https:\/\/2horizontes.com\/index.php?rest_route=%2Fwp%2Fv2%2Fmedia&parent=48510"}],"wp:term":[{"taxonomy":"category","embeddable":true,"href":"https:\/\/2horizontes.com\/index.php?rest_route=%2Fwp%2Fv2%2Fcategories&post=48510"},{"taxonomy":"post_tag","embeddable":true,"href":"https:\/\/2horizontes.com\/index.php?rest_route=%2Fwp%2Fv2%2Ftags&post=48510"}],"curies":[{"name":"wp","href":"https:\/\/api.w.org\/{rel}","templated":true}]}}