{"id":48509,"date":"2016-04-23T21:15:25","date_gmt":"2016-04-23T20:15:25","guid":{"rendered":"http:\/\/2horizontes.com\/?p=48509"},"modified":"2016-04-23T21:15:25","modified_gmt":"2016-04-23T20:15:25","slug":"rafael-correa-declara-ocho-dias-de-luto-por-terremoto","status":"publish","type":"post","link":"https:\/\/2horizontes.com\/?p=48509","title":{"rendered":"Rafael Correa declara ocho d\u00edas de luto por terremoto"},"content":{"rendered":"<p>El presidente de Ecuador, Rafael Correa, anunci\u00f3 hoy que en las pr\u00f3ximas horas suscribir\u00e1 un decreto para declarar ocho d\u00edas de luto nacional por las consecuencias del terremoto de magnitud 7,8 que asol\u00f3 la zona tropical del norte del pa\u00eds.<\/p>\n<p>\u00abHa sido una tragedia nacional, pero vamos a salir adelante. De todas formas, por la p\u00e9rdida de vidas, por el sufrimiento de esas familias, en la pr\u00f3ximas horas, firmar\u00e9 el decreto de luto nacional durante ocho d\u00edas\u00bb, dijo Correa en su informe semanal de labores.<\/p>\n<p>Seg\u00fan el gobernante, el n\u00famero de muertos por el terremoto del pasado s\u00e1bado en Ecuador se elev\u00f3 a 646, y a\u00fan hay 130 personas desaparecidas.<\/p>\n<p>El gobernante record\u00f3 que, adem\u00e1s de ecuatorianos, como consecuencia del terremoto tambi\u00e9n fallecieron colombianos, ingleses, canadienses, entre otros.<\/p>\n<p>Correa indic\u00f3 que atendieron a 12.492 personas heridas en el terremoto, uno de los m\u00e1s fuertes de la historia del pa\u00eds andino.<\/p>\n<p>Un total de 113 personas fueron rescatadas con vida y 26.091 est\u00e1n albergadas desde que se produjo la sacudida de magnitud 7,8 en la escala de Richter.<\/p>\n<p>En su portal de internet, la Secretar\u00eda Nacional de Gesti\u00f3n de Riesgo informa que hay 6.998 inmuebles destruidos y 2.740 afectados, y precisa que 281 escuelas tambi\u00e9n quedaron afectadas.<\/p>\n<p>El Ejecutivo ecuatoriano declar\u00f3 en situaci\u00f3n de emergencia a las provincias de Esmeraldas, Manab\u00ed, Santo Domingo de los Ts\u00e1chilas, Guayas, Santa Elena y Los R\u00edos, y en estado de excepci\u00f3n a todo el territorio nacional.<\/p>\n<p>Junto con las labores de rescate de sobrevivientes y v\u00edctimas, el Gobierno ha impulsado los trabajos para la restituci\u00f3n de servicios b\u00e1sicos para mejorar las condiciones de vida de los afectados.<\/p>\n<p>Correa agradeci\u00f3 hoy a la ciudadan\u00eda por la solidaridad demostrada apenas se produjo el terremoto, a las instituciones estatales y el apoyo internacional.<\/p>\n","protected":false},"excerpt":{"rendered":"<p>El presidente de Ecuador, Rafael Correa, anunci\u00f3 hoy que en las pr\u00f3ximas horas suscribir\u00e1 un decreto para declarar ocho d\u00edas de luto nacional por las consecuencias del terremoto de magnitud 7,8 que asol\u00f3 la zona tropical del norte del pa\u00eds. \u00abHa sido una tragedia nacional, pero vamos a salir adelante. De todas formas, por la [&hellip;]<\/p>\n","protected":false},"author":13240,"featured_media":8809,"comment_status":"open","ping_status":"open","sticky":false,"template":"","format":"standard","meta":{"footnotes":""},"categories":[40,43],"tags":[],"class_list":["post-48509","post","type-post","status-publish","format-standard","has-post-thumbnail","hentry","category-internacionales","category-politica"],"_links":{"self":[{"href":"https:\/\/2horizontes.com\/index.php?rest_route=\/wp\/v2\/posts\/48509","targetHints":{"allow":["GET"]}}],"collection":[{"href":"https:\/\/2horizontes.com\/index.php?rest_route=\/wp\/v2\/posts"}],"about":[{"href":"https:\/\/2horizontes.com\/index.php?rest_route=\/wp\/v2\/types\/post"}],"author":[{"embeddable":true,"href":"https:\/\/2horizontes.com\/index.php?rest_route=\/wp\/v2\/users\/13240"}],"replies":[{"embeddable":true,"href":"https:\/\/2horizontes.com\/index.php?rest_route=%2Fwp%2Fv2%2Fcomments&post=48509"}],"version-history":[{"count":1,"href":"https:\/\/2horizontes.com\/index.php?rest_route=\/wp\/v2\/posts\/48509\/revisions"}],"predecessor-version":[{"id":48511,"href":"https:\/\/2horizontes.com\/index.php?rest_route=\/wp\/v2\/posts\/48509\/revisions\/48511"}],"wp:featuredmedia":[{"embeddable":true,"href":"https:\/\/2horizontes.com\/index.php?rest_route=\/wp\/v2\/media\/8809"}],"wp:attachment":[{"href":"https:\/\/2horizontes.com\/index.php?rest_route=%2Fwp%2Fv2%2Fmedia&parent=48509"}],"wp:term":[{"taxonomy":"category","embeddable":true,"href":"https:\/\/2horizontes.com\/index.php?rest_route=%2Fwp%2Fv2%2Fcategories&post=48509"},{"taxonomy":"post_tag","embeddable":true,"href":"https:\/\/2horizontes.com\/index.php?rest_route=%2Fwp%2Fv2%2Ftags&post=48509"}],"curies":[{"name":"wp","href":"https:\/\/api.w.org\/{rel}","templated":true}]}}