{"id":48475,"date":"2016-04-23T18:31:27","date_gmt":"2016-04-23T17:31:27","guid":{"rendered":"http:\/\/2horizontes.com\/?p=48475"},"modified":"2016-04-23T18:31:27","modified_gmt":"2016-04-23T17:31:27","slug":"maluma-demostro-el-racismo-contra-los-latinos-en-estados-unidos-con-el-perdedor","status":"publish","type":"post","link":"https:\/\/2horizontes.com\/?p=48475","title":{"rendered":"Maluma demostr\u00f3 el racismo contra los latinos en Estados Unidos con \u00abEl Perdedor\u00bb"},"content":{"rendered":"<p>El cantante colombiano Maluma estren\u00f3 el video de su tema \u00abEl Perdedor\u00bb. En el video se muestra \u00abel racismo que pasan muchos latinos en los Estados Unidos\u00bb.<\/p>\n<p>\u00abAqu\u00ed est\u00e1n mis declaraciones de aquella -situaci\u00f3n preocupante-, un video musical que muestra el racismo que pasan muchos latinos en los Estados Unidos y que\u00a0demuestra una vez m\u00e1s el porque debemos unirnos ahora mucho m\u00e1s que nunca.\u00a0Espero les guste y est\u00e1 hecho de mucho AMOR\u00bb, public\u00f3 Maluma en su cuenta en Instagram.<\/p>\n<p>El video fue estrenado el viernes 22 de abril y logr\u00f3 alcanzar el mill\u00f3n de vistas en un d\u00eda.<\/p>\n","protected":false},"excerpt":{"rendered":"<p>El cantante colombiano Maluma estren\u00f3 el video de su tema \u00abEl Perdedor\u00bb. En el video se muestra \u00abel racismo que pasan muchos latinos en los Estados Unidos\u00bb. \u00abAqu\u00ed est\u00e1n mis declaraciones de aquella -situaci\u00f3n preocupante-, un video musical que muestra el racismo que pasan muchos latinos en los Estados Unidos y que\u00a0demuestra una vez m\u00e1s [&hellip;]<\/p>\n","protected":false},"author":13240,"featured_media":48478,"comment_status":"open","ping_status":"open","sticky":false,"template":"","format":"standard","meta":{"footnotes":""},"categories":[1,40],"tags":[],"class_list":["post-48475","post","type-post","status-publish","format-standard","has-post-thumbnail","hentry","category-entretenimiento","category-internacionales"],"_links":{"self":[{"href":"https:\/\/2horizontes.com\/index.php?rest_route=\/wp\/v2\/posts\/48475","targetHints":{"allow":["GET"]}}],"collection":[{"href":"https:\/\/2horizontes.com\/index.php?rest_route=\/wp\/v2\/posts"}],"about":[{"href":"https:\/\/2horizontes.com\/index.php?rest_route=\/wp\/v2\/types\/post"}],"author":[{"embeddable":true,"href":"https:\/\/2horizontes.com\/index.php?rest_route=\/wp\/v2\/users\/13240"}],"replies":[{"embeddable":true,"href":"https:\/\/2horizontes.com\/index.php?rest_route=%2Fwp%2Fv2%2Fcomments&post=48475"}],"version-history":[{"count":1,"href":"https:\/\/2horizontes.com\/index.php?rest_route=\/wp\/v2\/posts\/48475\/revisions"}],"predecessor-version":[{"id":48479,"href":"https:\/\/2horizontes.com\/index.php?rest_route=\/wp\/v2\/posts\/48475\/revisions\/48479"}],"wp:featuredmedia":[{"embeddable":true,"href":"https:\/\/2horizontes.com\/index.php?rest_route=\/wp\/v2\/media\/48478"}],"wp:attachment":[{"href":"https:\/\/2horizontes.com\/index.php?rest_route=%2Fwp%2Fv2%2Fmedia&parent=48475"}],"wp:term":[{"taxonomy":"category","embeddable":true,"href":"https:\/\/2horizontes.com\/index.php?rest_route=%2Fwp%2Fv2%2Fcategories&post=48475"},{"taxonomy":"post_tag","embeddable":true,"href":"https:\/\/2horizontes.com\/index.php?rest_route=%2Fwp%2Fv2%2Ftags&post=48475"}],"curies":[{"name":"wp","href":"https:\/\/api.w.org\/{rel}","templated":true}]}}