{"id":48460,"date":"2016-04-23T09:15:33","date_gmt":"2016-04-23T08:15:33","guid":{"rendered":"http:\/\/2horizontes.com\/?p=48460"},"modified":"2016-04-23T09:15:33","modified_gmt":"2016-04-23T08:15:33","slug":"hija-de-11-anos-de-la-cantante-karina-se-cambiara-de-sexo","status":"publish","type":"post","link":"https:\/\/2horizontes.com\/?p=48460","title":{"rendered":"Hija de 11 a\u00f1os de la cantante Karina se cambiar\u00e1 de sexo"},"content":{"rendered":"<p>La cantante y actriz venezolana Karina anunci\u00f3 a trav\u00e9s de su cuenta en la red social Instagram, que su hija de 11 a\u00f1os, Hannah, inici\u00f3 la \u201ctransici\u00f3n formal y f\u00edsica\u201d para cambiar de sexo.<\/p>\n<p>La artista, que en los a\u00f1os 80\u2032 se hizo popular con temas como \u201cTacones altos\u201d, colg\u00f3 una imagen en @karinalavoz, en la que junto a su padre besan a su hija, manifestando su apoyo a la decisi\u00f3n de cambiar de sexo<\/p>\n<p>\u201cHoy dimos el primer paso hacia tu \u2018TRANSICI\u00d3N\u2019 formal y f\u00edsica. Vas en v\u00edas de la transformaci\u00f3n de ese cuerpito de \u2018ni\u00f1a\u2019 que nunca entendiste , que no te define y que definitivamente t\u00fa no escogiste. Hoy comienza el resto de tus d\u00edas como un \u2018ni\u00f1o\u201d<\/p>\n","protected":false},"excerpt":{"rendered":"<p>La cantante y actriz venezolana Karina anunci\u00f3 a trav\u00e9s de su cuenta en la red social Instagram, que su hija de 11 a\u00f1os, Hannah, inici\u00f3 la \u201ctransici\u00f3n formal y f\u00edsica\u201d para cambiar de sexo. La artista, que en los a\u00f1os 80\u2032 se hizo popular con temas como \u201cTacones altos\u201d, colg\u00f3 una imagen en @karinalavoz, en [&hellip;]<\/p>\n","protected":false},"author":3,"featured_media":48461,"comment_status":"open","ping_status":"open","sticky":false,"template":"","format":"standard","meta":{"footnotes":""},"categories":[40,48],"tags":[],"class_list":["post-48460","post","type-post","status-publish","format-standard","has-post-thumbnail","hentry","category-internacionales","category-venezuela"],"_links":{"self":[{"href":"https:\/\/2horizontes.com\/index.php?rest_route=\/wp\/v2\/posts\/48460","targetHints":{"allow":["GET"]}}],"collection":[{"href":"https:\/\/2horizontes.com\/index.php?rest_route=\/wp\/v2\/posts"}],"about":[{"href":"https:\/\/2horizontes.com\/index.php?rest_route=\/wp\/v2\/types\/post"}],"author":[{"embeddable":true,"href":"https:\/\/2horizontes.com\/index.php?rest_route=\/wp\/v2\/users\/3"}],"replies":[{"embeddable":true,"href":"https:\/\/2horizontes.com\/index.php?rest_route=%2Fwp%2Fv2%2Fcomments&post=48460"}],"version-history":[{"count":1,"href":"https:\/\/2horizontes.com\/index.php?rest_route=\/wp\/v2\/posts\/48460\/revisions"}],"predecessor-version":[{"id":48462,"href":"https:\/\/2horizontes.com\/index.php?rest_route=\/wp\/v2\/posts\/48460\/revisions\/48462"}],"wp:featuredmedia":[{"embeddable":true,"href":"https:\/\/2horizontes.com\/index.php?rest_route=\/wp\/v2\/media\/48461"}],"wp:attachment":[{"href":"https:\/\/2horizontes.com\/index.php?rest_route=%2Fwp%2Fv2%2Fmedia&parent=48460"}],"wp:term":[{"taxonomy":"category","embeddable":true,"href":"https:\/\/2horizontes.com\/index.php?rest_route=%2Fwp%2Fv2%2Fcategories&post=48460"},{"taxonomy":"post_tag","embeddable":true,"href":"https:\/\/2horizontes.com\/index.php?rest_route=%2Fwp%2Fv2%2Ftags&post=48460"}],"curies":[{"name":"wp","href":"https:\/\/api.w.org\/{rel}","templated":true}]}}