{"id":48457,"date":"2016-04-23T08:32:32","date_gmt":"2016-04-23T07:32:32","guid":{"rendered":"http:\/\/2horizontes.com\/?p=48457"},"modified":"2016-04-23T08:32:32","modified_gmt":"2016-04-23T07:32:32","slug":"asesinan-en-mexico-a-alcalde-que-autoridades-vinculaban-con-el-crimen","status":"publish","type":"post","link":"https:\/\/2horizontes.com\/?p=48457","title":{"rendered":"Asesinan en M\u00e9xico a alcalde que autoridades vinculaban con el crimen"},"content":{"rendered":"<p><strong>(CNN Espa\u00f1ol) \u2013<\/strong><\/p>\n<p>M\u00e9xico.- Hombres armados asesinaron este viernes a un alcalde del centro de M\u00e9xico que seg\u00fan las autoridades, presuntamente estaba vinculado\u00a0con el crimen organizado, informaron autoridades del Estado de M\u00e9xico.<\/p>\n<p><span id=\"more-279753\"><\/span>Jos\u00e9 Antonio Mayen Saucedo, alcalde de Santa Ana Jilotzingo, fue interceptado por hombres armados cuando viajaba por una carretera del Estado de M\u00e9xico acompa\u00f1ado de un familiar y escoltado por polic\u00edas municipales poco antes de las 10:00 a.m. hora local.<\/p>\n<div class=\"ym-wrapper\"><\/div>\n<p>El alcalde, quien pertenec\u00eda al opositor Partido Acci\u00f3n Nacional (PAN), muri\u00f3 en el lugar junto con un familiar suyo de nombre Gregorio Mayen Rojas, inform\u00f3 Jos\u00e9 Manzur, secretario de gobierno del Estado de M\u00e9xico, <a href=\"https:\/\/www.youtube.com\/watch?v=7dGWmE0F8sw\">en una declaraci\u00f3n\u00a0a medios<\/a>.<\/p>\n<p>En el ataque tambi\u00e9n muri\u00f3 Omar Calzada, subdirector de seguridad p\u00fablica, quien viajaba en una unidad de la polic\u00eda municipal escoltando al alcalde, inform\u00f3 el fiscal estatal Alejandro G\u00f3mez. Otras dos personas quedaron lesionadas.<\/p>\n<p>En el lugar fueron encontrados m\u00e1s de 100 casquillos percutidos.<\/p>\n<p>Mayen, quien tom\u00f3 posesi\u00f3n del cargo el 9 de diciembre pasado, era investigado por presuntamente tener v\u00ednculos con el crimen organizado, dijo por su parte Mart\u00edn Mar\u00edn, fiscal de asuntos especiales del Estado de M\u00e9xico.<\/p>\n<p>\u00abNo podemos descartar ninguna l\u00ednea de investigaci\u00f3n, incluso la de su probable v\u00ednculo con actividades il\u00edcitas\u00bb, dijo Mar\u00edn. De las presuntas actividades del alcalde, hab\u00eda \u00abantecedentes en carpetas de investigaci\u00f3n\u00bb, inform\u00f3 el fiscal. Se desconoce si el alcalde sab\u00eda si era investigado.<\/p>\n<p>El alcalde panista estaba vinculado con un grupo delictivo que operaba en la zona, cuyo l\u00edder tambi\u00e9n fue asesinado hace dos meses, seg\u00fan Mar\u00edn.<\/p>\n<p>El instituto pol\u00edtico al que pertenec\u00eda Mayen, sin hacer referencia a lo revelado por los fiscales, conden\u00f3 el asesinato, exigi\u00f3 que se detengan a los culpables y que se garantice la seguridad de los alcaldes.<\/p>\n<p>Seg\u00fan la Asociaci\u00f3n Nacional de Alcaldes (ANAC), entre 2006 y enero pasado hab\u00edan sido asesinados en M\u00e9xico 37 alcaldes en funciones, siete\u00a0electos y 31 exalcaldes. En enero pasado fue asesinada la alcaldesa Gisela Mota Ocampo, horas despu\u00e9s de asumir el cargo en el ayuntamiento de Temixco, Morelos.<\/p>\n","protected":false},"excerpt":{"rendered":"<p>(CNN Espa\u00f1ol) \u2013 M\u00e9xico.- Hombres armados asesinaron este viernes a un alcalde del centro de M\u00e9xico que seg\u00fan las autoridades, presuntamente estaba vinculado\u00a0con el crimen organizado, informaron autoridades del Estado de M\u00e9xico. Jos\u00e9 Antonio Mayen Saucedo, alcalde de Santa Ana Jilotzingo, fue interceptado por hombres armados cuando viajaba por una carretera del Estado de M\u00e9xico [&hellip;]<\/p>\n","protected":false},"author":7,"featured_media":48458,"comment_status":"open","ping_status":"open","sticky":false,"template":"","format":"standard","meta":{"footnotes":""},"categories":[40,43],"tags":[],"class_list":["post-48457","post","type-post","status-publish","format-standard","has-post-thumbnail","hentry","category-internacionales","category-politica"],"_links":{"self":[{"href":"https:\/\/2horizontes.com\/index.php?rest_route=\/wp\/v2\/posts\/48457","targetHints":{"allow":["GET"]}}],"collection":[{"href":"https:\/\/2horizontes.com\/index.php?rest_route=\/wp\/v2\/posts"}],"about":[{"href":"https:\/\/2horizontes.com\/index.php?rest_route=\/wp\/v2\/types\/post"}],"author":[{"embeddable":true,"href":"https:\/\/2horizontes.com\/index.php?rest_route=\/wp\/v2\/users\/7"}],"replies":[{"embeddable":true,"href":"https:\/\/2horizontes.com\/index.php?rest_route=%2Fwp%2Fv2%2Fcomments&post=48457"}],"version-history":[{"count":1,"href":"https:\/\/2horizontes.com\/index.php?rest_route=\/wp\/v2\/posts\/48457\/revisions"}],"predecessor-version":[{"id":48459,"href":"https:\/\/2horizontes.com\/index.php?rest_route=\/wp\/v2\/posts\/48457\/revisions\/48459"}],"wp:featuredmedia":[{"embeddable":true,"href":"https:\/\/2horizontes.com\/index.php?rest_route=\/wp\/v2\/media\/48458"}],"wp:attachment":[{"href":"https:\/\/2horizontes.com\/index.php?rest_route=%2Fwp%2Fv2%2Fmedia&parent=48457"}],"wp:term":[{"taxonomy":"category","embeddable":true,"href":"https:\/\/2horizontes.com\/index.php?rest_route=%2Fwp%2Fv2%2Fcategories&post=48457"},{"taxonomy":"post_tag","embeddable":true,"href":"https:\/\/2horizontes.com\/index.php?rest_route=%2Fwp%2Fv2%2Ftags&post=48457"}],"curies":[{"name":"wp","href":"https:\/\/api.w.org\/{rel}","templated":true}]}}